{"id":109753,"date":"2023-11-20T18:21:19","date_gmt":"2023-11-21T00:21:19","guid":{"rendered":"http:\/\/diariodigitalmx.com\/?p=109753"},"modified":"2023-11-20T18:23:05","modified_gmt":"2023-11-21T00:23:05","slug":"inicia-precampana-samuel-garcia-mexico-necesita-un-nuevo-inicio-dice","status":"publish","type":"post","link":"https:\/\/diariodigitalmx.com\/index.php\/2023\/11\/20\/inicia-precampana-samuel-garcia-mexico-necesita-un-nuevo-inicio-dice\/","title":{"rendered":"Inicia precampa\u00f1a Samuel Garc\u00eda; M\u00e9xico necesita un nuevo inicio, dice"},"content":{"rendered":"\n<figure class=\"wp-block-image size-full\"><img loading=\"lazy\" decoding=\"async\" width=\"693\" height=\"395\" src=\"http:\/\/diariodigitalmx.com\/wp-content\/uploads\/2023\/11\/Screenshot_20231120-173508_Facebook.jpg\" alt=\"\" class=\"wp-image-109758\" srcset=\"https:\/\/diariodigitalmx.com\/wp-content\/uploads\/2023\/11\/Screenshot_20231120-173508_Facebook.jpg 693w, https:\/\/diariodigitalmx.com\/wp-content\/uploads\/2023\/11\/Screenshot_20231120-173508_Facebook-300x171.jpg 300w\" sizes=\"(max-width: 693px) 100vw, 693px\" \/><\/figure>\n\n\n\n<p>Monterrey . &#8211; Samuel Garc\u00eda inici\u00f3 campa\u00f1a como precandidato de Movimiento Ciudadano a la Presidencia de la Rep\u00fablica, asegur\u00f3 que M\u00e9xico necesita un presidente joven como \u00e9l, prometi\u00f3 que a Morena la va a enviar al \u00faltimo lugar y sostuvo que M\u00e9xico necesita un nuevo comienzo.<\/p>\n\n\n\n<p>Sobre el Frente Amplio por M\u00e9xico dijo que est\u00e1n fritos y que ya no les va a dedicar ni un minuto de su tiempo. &#8220;Empezamos en segundo lugar en las encuestas porque el frente ya est\u00e1 frito&#8221;, expuso.<\/p>\n\n\n\n<p>En cuanto a Morena, Garc\u00eda indic\u00f3 que ya se sienten ganados, pero ahora los va a mandar al \u00faltimo lugar.&#8221;Aqu\u00ed comienza el futuro de M\u00e9xico&#8221;.<\/p>\n\n\n\n<p>La precampa\u00f1a la inici\u00f3 no en la Explanada de los H\u00e9roes en la Macroplaza, sino en un espacio m\u00e1s peque\u00f1o a un costado, donde sus seguidores le vitorearon y le gritaron presidente.<\/p>\n\n\n\n<p>En su mensaje Samuel Garc\u00eda tambi\u00e9n puntualiz\u00f3 que &#8220;M\u00e9xico necesita un presidente regio echado para adelante, que traiga inversiones y lleve Tesla a todo el pa\u00eds, que se enfoque en las ni\u00f1as y ni\u00f1os de M\u00e9xico. M\u00e9xico merece al candidato m\u00e1s joven en la historia del pa\u00eds jam\u00e1s electo&#8221;, a\u00f1adi\u00f3.<\/p>\n\n\n\n<p>Se\u00f1al\u00f3 que en M\u00e9xico los j\u00f3venes son el 60 por ciento de la poblaci\u00f3n, a los que siempre se les ha ignorado. &#8220;Es momento de que llegue un joven a marcar la agenda del futuro de M\u00e9xico&#8221;, expres\u00f3.<\/p>\n\n\n\n<p>El precandidato acompa\u00f1ado de su esposa Mariana Rodr\u00edguez record\u00f3 sus inicios en la pol\u00edtica hace ocho a\u00f1os, donde gan\u00f3 la diputaci\u00f3n local, la senadur\u00eda y la gubernatura pese a que le dec\u00edan que no se pod\u00eda.<\/p>\n","protected":false},"excerpt":{"rendered":"<p>Monterrey . &#8211; Samuel Garc\u00eda inici\u00f3 campa\u00f1a como precandidato de Movimiento Ciudadano a la Presidencia de la Rep\u00fablica, asegur\u00f3 que M\u00e9xico necesita un presidente joven como \u00e9l, prometi\u00f3 que a Morena la va a enviar al \u00faltimo lugar y sostuvo que M\u00e9xico necesita un nuevo comienzo. Sobre el Frente Amplio por M\u00e9xico dijo que est\u00e1n [&hellip;]<\/p>\n","protected":false},"author":1,"featured_media":109756,"comment_status":"open","ping_status":"open","sticky":true,"template":"","format":"standard","meta":{"footnotes":""},"categories":[14,2],"tags":[],"_links":{"self":[{"href":"https:\/\/diariodigitalmx.com\/index.php\/wp-json\/wp\/v2\/posts\/109753"}],"collection":[{"href":"https:\/\/diariodigitalmx.com\/index.php\/wp-json\/wp\/v2\/posts"}],"about":[{"href":"https:\/\/diariodigitalmx.com\/index.php\/wp-json\/wp\/v2\/types\/post"}],"author":[{"embeddable":true,"href":"https:\/\/diariodigitalmx.com\/index.php\/wp-json\/wp\/v2\/users\/1"}],"replies":[{"embeddable":true,"href":"https:\/\/diariodigitalmx.com\/index.php\/wp-json\/wp\/v2\/comments?post=109753"}],"version-history":[{"count":2,"href":"https:\/\/diariodigitalmx.com\/index.php\/wp-json\/wp\/v2\/posts\/109753\/revisions"}],"predecessor-version":[{"id":109759,"href":"https:\/\/diariodigitalmx.com\/index.php\/wp-json\/wp\/v2\/posts\/109753\/revisions\/109759"}],"wp:featuredmedia":[{"embeddable":true,"href":"https:\/\/diariodigitalmx.com\/index.php\/wp-json\/wp\/v2\/media\/109756"}],"wp:attachment":[{"href":"https:\/\/diariodigitalmx.com\/index.php\/wp-json\/wp\/v2\/media?parent=109753"}],"wp:term":[{"taxonomy":"category","embeddable":true,"href":"https:\/\/diariodigitalmx.com\/index.php\/wp-json\/wp\/v2\/categories?post=109753"},{"taxonomy":"post_tag","embeddable":true,"href":"https:\/\/diariodigitalmx.com\/index.php\/wp-json\/wp\/v2\/tags?post=109753"}],"curies":[{"name":"wp","href":"https:\/\/api.w.org\/{rel}","templated":true}]}}