{"id":109764,"date":"2023-11-20T20:52:34","date_gmt":"2023-11-21T02:52:34","guid":{"rendered":"http:\/\/diariodigitalmx.com\/?p=109764"},"modified":"2023-11-20T20:53:45","modified_gmt":"2023-11-21T02:53:45","slug":"remontare-no-me-espanta-que-me-la-echen-sola-xochitl-galvez-a-la-candidata-oficial-de-morena","status":"publish","type":"post","link":"https:\/\/diariodigitalmx.com\/index.php\/2023\/11\/20\/remontare-no-me-espanta-que-me-la-echen-sola-xochitl-galvez-a-la-candidata-oficial-de-morena\/","title":{"rendered":"Remontar\u00e9, no me espanta, que me la echen sola: X\u00f3chitl G\u00e1lvez a la candidata oficial de Morena"},"content":{"rendered":"\n<p>&#8220;Aquellos que dicen que es imposible alcanzar a la candidata oficial, que esto ya est\u00e1 decidido, no me conocen, no saben de qu\u00e9 estoy echa, soy una mujer que viene de abajo y ha luchado contra la adversidad en toda mi vida&#8221;, dijo X\u00f3chitl G\u00e1lvez, precandidata del Frebta Amplio por M\u00e9xico, en Ciudad Ju\u00e1rez, Chihuahua.<\/p>\n\n\n\n<p>En el d\u00eda de inicio de precampa\u00f1a G\u00e1lvez, expuso la situaci\u00f3n de pobreza que se sigue viviendo en el municipio de Ju\u00e1rez.<br>&#8220;Todos vamos a salir a las calles a recuperar el gobierno, tengan la certeza que lo voy a hacer de lado de ustedes, soy una mujer 4X4, soy todo terreno&#8221;, a\u00f1adi\u00f3.<\/p>\n\n\n\n<p>Se refiri\u00f3 a la comunidad mazahua a quienes agradeci\u00f3 por su presencia: \u201cmuchas gracias a mis hermanas y hermanos ind\u00edgenas que vinieron a buscar el sue\u00f1o a Ciudad Ju\u00e1rez y que se quedaron por ac\u00e1, cuentan conmigo y siempre van a contar conmigo&#8221;.<\/p>\n\n\n\n<figure class=\"wp-block-image size-full\"><img loading=\"lazy\" decoding=\"async\" width=\"640\" height=\"360\" src=\"http:\/\/diariodigitalmx.com\/wp-content\/uploads\/2023\/11\/Xochitl-Galvez.jpeg\" alt=\"\" class=\"wp-image-109767\" srcset=\"https:\/\/diariodigitalmx.com\/wp-content\/uploads\/2023\/11\/Xochitl-Galvez.jpeg 640w, https:\/\/diariodigitalmx.com\/wp-content\/uploads\/2023\/11\/Xochitl-Galvez-300x169.jpeg 300w\" sizes=\"(max-width: 640px) 100vw, 640px\" \/><\/figure>\n\n\n\n<p>Este mismo lunes hizo un recorrido por Coyuca de Ben\u00edtez, Guerrero municipio afectado por el paso del hurac\u00e1n Otis.<\/p>\n\n\n\n<p>Durante la llamada \u201cMarcha de la Esperanza\u201d, estuvo acompa\u00f1ada por familias de Coyuca quienes realizaron una protesta con velas blancas en las manos, y luego camin\u00f3 con simpatizantes por las calles del municipio.<\/p>\n\n\n\n<p>NO ME ESPANTA, REMONTAR\u00c9<\/p>\n\n\n\n<p>En una entrevista con el periodista<br>Ciro G\u00f3mez Leyva para Radio F\u00f3rmula, la precandidata presidencial del FAM, X\u00f3chitl G\u00e1lvez asegur\u00f3 que remontar\u00e1 la diferencia porcentual que tiene con su contrincante Claudia Sheinbaum, precandidata de Morena y del gobierno, dijo la senadora con licencia.<\/p>\n\n\n\n<p>&#8220;Yo he remontado diferencia de m\u00e1s de 30 puntos, as\u00ed que esto no me espanta\u201d, se\u00f1al\u00f3 X\u00f3chitl G\u00e1lvez.<\/p>\n\n\n\n<p>Acus\u00f3 que su oponente, la candidata oficial Claudia Sheinbaum, tiene<br>el aparato del estado en su favor con campa\u00f1as de millones de pesos para demeritarla a trav\u00e9s de redes sociales.<\/p>\n\n\n\n<p>X\u00f3chitl G\u00e1lvez pidi\u00f3 que \u201cle echen sola\u201d a la candidata de Morena, dado que ella cuenta con m\u00e1s recursos para este proceso electoral y con un jefe de campa\u00f1a desde Palacio Nacional.<\/p>\n","protected":false},"excerpt":{"rendered":"<p>&#8220;Aquellos que dicen que es imposible alcanzar a la candidata oficial, que esto ya est\u00e1 decidido, no me conocen, no saben de qu\u00e9 estoy echa, soy una mujer que viene de abajo y ha luchado contra la adversidad en toda mi vida&#8221;, dijo X\u00f3chitl G\u00e1lvez, precandidata del Frebta Amplio por M\u00e9xico, en Ciudad Ju\u00e1rez, Chihuahua. [&hellip;]<\/p>\n","protected":false},"author":1,"featured_media":109766,"comment_status":"open","ping_status":"open","sticky":true,"template":"","format":"standard","meta":{"footnotes":""},"categories":[2,3],"tags":[],"_links":{"self":[{"href":"https:\/\/diariodigitalmx.com\/index.php\/wp-json\/wp\/v2\/posts\/109764"}],"collection":[{"href":"https:\/\/diariodigitalmx.com\/index.php\/wp-json\/wp\/v2\/posts"}],"about":[{"href":"https:\/\/diariodigitalmx.com\/index.php\/wp-json\/wp\/v2\/types\/post"}],"author":[{"embeddable":true,"href":"https:\/\/diariodigitalmx.com\/index.php\/wp-json\/wp\/v2\/users\/1"}],"replies":[{"embeddable":true,"href":"https:\/\/diariodigitalmx.com\/index.php\/wp-json\/wp\/v2\/comments?post=109764"}],"version-history":[{"count":2,"href":"https:\/\/diariodigitalmx.com\/index.php\/wp-json\/wp\/v2\/posts\/109764\/revisions"}],"predecessor-version":[{"id":109769,"href":"https:\/\/diariodigitalmx.com\/index.php\/wp-json\/wp\/v2\/posts\/109764\/revisions\/109769"}],"wp:featuredmedia":[{"embeddable":true,"href":"https:\/\/diariodigitalmx.com\/index.php\/wp-json\/wp\/v2\/media\/109766"}],"wp:attachment":[{"href":"https:\/\/diariodigitalmx.com\/index.php\/wp-json\/wp\/v2\/media?parent=109764"}],"wp:term":[{"taxonomy":"category","embeddable":true,"href":"https:\/\/diariodigitalmx.com\/index.php\/wp-json\/wp\/v2\/categories?post=109764"},{"taxonomy":"post_tag","embeddable":true,"href":"https:\/\/diariodigitalmx.com\/index.php\/wp-json\/wp\/v2\/tags?post=109764"}],"curies":[{"name":"wp","href":"https:\/\/api.w.org\/{rel}","templated":true}]}}