{"id":109786,"date":"2023-11-21T08:25:40","date_gmt":"2023-11-21T14:25:40","guid":{"rendered":"http:\/\/diariodigitalmx.com\/?p=109786"},"modified":"2023-11-21T08:26:26","modified_gmt":"2023-11-21T14:26:26","slug":"tiene-nl-tres-gobernadores","status":"publish","type":"post","link":"https:\/\/diariodigitalmx.com\/index.php\/2023\/11\/21\/tiene-nl-tres-gobernadores\/","title":{"rendered":"Tiene NL: \u00a1TRES Gobernadores!"},"content":{"rendered":"\n<p>Abel Moreno L\u00f3pez<\/p>\n\n\n\n<p>El domingo anterior llam\u00f3 mi atenci\u00f3n la nota principal de El Norte -anta\u00f1o ser\u00eda &#8220;la de ocho&#8221;- que se\u00f1alaba &#8220;Tendr\u00e1 NL \u00a1dos Gobernadores!&#8221; y que hace referencia al persistente conflicto pol\u00edtico local que podr\u00eda generar que el pr\u00f3ximo 2 de diciembre hubiera no exactamente dos gobernadores, sino un Encargado del Despacho y un Gobernador Interino; algo que de hecho ya existe, pues en estos d\u00edas, ya se tiene en funciones un Encargado del Despacho y un Gobernador Constitucional en precampa\u00f1a, lo cual pudiera ser irregular, pero eso all\u00e1 que lo vean los actores y autoridades judiciales y electorales.<\/p>\n\n\n\n<p>Al ver ese encabezado period\u00edstico, record\u00e9 alguna vieja lectura sobre un fen\u00f3meno semejante y en efecto hace 100 a\u00f1os, en el a\u00f1o de 1923, hubo un d\u00eda en Nuevo Le\u00f3n en el que existieron no un gobernador y un encargado del despacho, no dos, sino \u00a1\u00a1tres!! gobernadores del estado.<\/p>\n\n\n\n<p>Tras una m\u00e1s que re\u00f1ida, aguerrida competencia, entre los candidatos Porfirio G. Gonz\u00e1lez, Aar\u00f3n S\u00e1enz y Alfredo P\u00e9rez, los resultados para variar no complacieron a los contendientes y por lo pronto se instalaron dos legislaturas, una en el recinto oficial y la otra en el p\u00f3rtico del palacio de gobierno. Asimismo ante una gran cantidad de irregularidades y componendas, el gobierno federal desapareci\u00f3 los poderes ejecutivo y legislativo, en tanto que el poder judicial nombr\u00f3 un gobernador provisional.<\/p>\n\n\n\n<p>As\u00ed el 4 de octubre, fecha de la toma de posesi\u00f3n, iniciaron su gobierno, Alfredo P\u00e9rez en el interior del Palacio, Porfirio G. Gonz\u00e1lez en el exterior y finalmente el Profr. Anastasio A. Trevi\u00f1o gobernador provisional, que finalmente asumi\u00f3 en palacio, una vez desalojados los peristas por el ej\u00e9rcito\u2026<\/p>\n\n\n\n<p>Este viene a ser un ejemplo m\u00e1s del reciclaje de la historia pol\u00edtica nuevoleonesa o bien como dec\u00eda George Bernard Shaw: &#8220;el hombre aprende de la historia, que el hombre no aprende de la historia&#8221;\u2026<\/p>\n","protected":false},"excerpt":{"rendered":"<p>Abel Moreno L\u00f3pez El domingo anterior llam\u00f3 mi atenci\u00f3n la nota principal de El Norte -anta\u00f1o ser\u00eda &#8220;la de ocho&#8221;- que se\u00f1alaba &#8220;Tendr\u00e1 NL \u00a1dos Gobernadores!&#8221; y que hace referencia al persistente conflicto pol\u00edtico local que podr\u00eda generar que el pr\u00f3ximo 2 de diciembre hubiera no exactamente dos gobernadores, sino un Encargado del Despacho y [&hellip;]<\/p>\n","protected":false},"author":1,"featured_media":109788,"comment_status":"open","ping_status":"open","sticky":true,"template":"","format":"standard","meta":{"footnotes":""},"categories":[12,3],"tags":[],"_links":{"self":[{"href":"https:\/\/diariodigitalmx.com\/index.php\/wp-json\/wp\/v2\/posts\/109786"}],"collection":[{"href":"https:\/\/diariodigitalmx.com\/index.php\/wp-json\/wp\/v2\/posts"}],"about":[{"href":"https:\/\/diariodigitalmx.com\/index.php\/wp-json\/wp\/v2\/types\/post"}],"author":[{"embeddable":true,"href":"https:\/\/diariodigitalmx.com\/index.php\/wp-json\/wp\/v2\/users\/1"}],"replies":[{"embeddable":true,"href":"https:\/\/diariodigitalmx.com\/index.php\/wp-json\/wp\/v2\/comments?post=109786"}],"version-history":[{"count":1,"href":"https:\/\/diariodigitalmx.com\/index.php\/wp-json\/wp\/v2\/posts\/109786\/revisions"}],"predecessor-version":[{"id":109787,"href":"https:\/\/diariodigitalmx.com\/index.php\/wp-json\/wp\/v2\/posts\/109786\/revisions\/109787"}],"wp:featuredmedia":[{"embeddable":true,"href":"https:\/\/diariodigitalmx.com\/index.php\/wp-json\/wp\/v2\/media\/109788"}],"wp:attachment":[{"href":"https:\/\/diariodigitalmx.com\/index.php\/wp-json\/wp\/v2\/media?parent=109786"}],"wp:term":[{"taxonomy":"category","embeddable":true,"href":"https:\/\/diariodigitalmx.com\/index.php\/wp-json\/wp\/v2\/categories?post=109786"},{"taxonomy":"post_tag","embeddable":true,"href":"https:\/\/diariodigitalmx.com\/index.php\/wp-json\/wp\/v2\/tags?post=109786"}],"curies":[{"name":"wp","href":"https:\/\/api.w.org\/{rel}","templated":true}]}}