{"id":109789,"date":"2023-11-21T08:28:39","date_gmt":"2023-11-21T14:28:39","guid":{"rendered":"http:\/\/diariodigitalmx.com\/?p=109789"},"modified":"2023-11-21T08:29:10","modified_gmt":"2023-11-21T14:29:10","slug":"el-legado-de-samuel","status":"publish","type":"post","link":"https:\/\/diariodigitalmx.com\/index.php\/2023\/11\/21\/el-legado-de-samuel\/","title":{"rendered":"El legado de Samuel"},"content":{"rendered":"\n<p><br>Ra\u00fal Guajardo Cant\u00fa<br>Mientras redactamos estas l\u00edneas, a un lado de la \u201cExplanada de los H\u00e9roes\u201d el gobernador Samuel Garc\u00eda inicia su precampa\u00f1a con miras a la presidencia de la Rep\u00fablica que se disputar\u00e1 el a\u00f1o pr\u00f3ximo, un proceso que por ahora se encuentra muy polarizado y en el cual Samuel llega con entusiasmo y un poco de retraso.<br>Cuando gan\u00f3 la gubernatura asegur\u00f3 que se mantendr\u00eda en el cargo durante los seis a\u00f1os correspondientes, sobre todo porque fue cuestionado acerca de la decisi\u00f3n que tom\u00f3 su antecesor de buscar la presidencia durante el proceso electoral de 201 y hoy, con raz\u00f3n, asegura que se vale cambiar de opini\u00f3n, sobre todo cuando, asegura, ya ha cumplido gran parte de los compromisos que hizo con los nuevoleoneses durante su campa\u00f1a por la gubernatura.<br>Samuel es un pol\u00edtico joven, que tiene derecho a so\u00f1ar con m\u00e1s, con crecer, nadie le niega, ni le puede cuestionar, ese derecho, como tampoco nadie deja de exigirle que cumpla con lo que prometi\u00f3 a los nuevoleoneses, un mejor medio ambiente, una mejor movilidad, crecimiento econ\u00f3mico y sobre todo, seguridad.<br>Quiz\u00e1 debido a esa juventud, y a una natural falta de experiencia en el toma y daca que es la pol\u00edtica partidista, es que se confront\u00f3 fuertemente con el Congreso local, pese a que al inicio de su gobierno parec\u00eda que habr\u00eda un buen entendimiento entre ambos.<br>No fue as\u00ed, la relaci\u00f3n se descompuso, se agri\u00f3, cruzaron acusaciones de incumplimiento de compromisos por parte de ambos bandos, ello gener\u00f3 que en el estado los ciudadanos no supi\u00e9ramos qui\u00e9n era qui\u00e9n, que los servicios que debieran prestarnos fuesen de menor calidad a la requerida.<br>Es necesario reconocer que la promoci\u00f3n econ\u00f3mica que ha hecho Samuel ha sido buena, hay comprometida un importante volumen de inversi\u00f3n que llegar\u00e1 a Nuevo Le\u00f3n durante los pr\u00f3ximos a\u00f1os, incluido el megaproyecto de Tesla.<br>Por supuesto que hay \u00e1reas de oportunidad, por ejemplo la movilidad y la seguridad, la primera es un \u00e1rea en la que no se puede esperar soluciones de un d\u00eda para otro, es un problema complejo, que requiere de la participaci\u00f3n de gobierno y empresarios, la cual hasta ahora no se ha presentado en la medida de las necesidades.<br>En el rubro de la seguridad parece que hemos dado uno o varios pasos hacia atr\u00e1s, al menos por lo que respecta a los delitos de alto impacto, como es el caso de los homicidios.<br>No sabemos en qu\u00e9 quedar\u00e1 la apuesta que realiza Samuel, pero nos gustar\u00eda que cualquiera que fuese el resultado, Nuevo Le\u00f3n no se vea perjudicado.<\/p>\n","protected":false},"excerpt":{"rendered":"<p>Ra\u00fal Guajardo Cant\u00faMientras redactamos estas l\u00edneas, a un lado de la \u201cExplanada de los H\u00e9roes\u201d el gobernador Samuel Garc\u00eda inicia su precampa\u00f1a con miras a la presidencia de la Rep\u00fablica que se disputar\u00e1 el a\u00f1o pr\u00f3ximo, un proceso que por ahora se encuentra muy polarizado y en el cual Samuel llega con entusiasmo y un [&hellip;]<\/p>\n","protected":false},"author":1,"featured_media":109791,"comment_status":"open","ping_status":"open","sticky":true,"template":"","format":"standard","meta":{"footnotes":""},"categories":[14,12],"tags":[],"_links":{"self":[{"href":"https:\/\/diariodigitalmx.com\/index.php\/wp-json\/wp\/v2\/posts\/109789"}],"collection":[{"href":"https:\/\/diariodigitalmx.com\/index.php\/wp-json\/wp\/v2\/posts"}],"about":[{"href":"https:\/\/diariodigitalmx.com\/index.php\/wp-json\/wp\/v2\/types\/post"}],"author":[{"embeddable":true,"href":"https:\/\/diariodigitalmx.com\/index.php\/wp-json\/wp\/v2\/users\/1"}],"replies":[{"embeddable":true,"href":"https:\/\/diariodigitalmx.com\/index.php\/wp-json\/wp\/v2\/comments?post=109789"}],"version-history":[{"count":1,"href":"https:\/\/diariodigitalmx.com\/index.php\/wp-json\/wp\/v2\/posts\/109789\/revisions"}],"predecessor-version":[{"id":109790,"href":"https:\/\/diariodigitalmx.com\/index.php\/wp-json\/wp\/v2\/posts\/109789\/revisions\/109790"}],"wp:featuredmedia":[{"embeddable":true,"href":"https:\/\/diariodigitalmx.com\/index.php\/wp-json\/wp\/v2\/media\/109791"}],"wp:attachment":[{"href":"https:\/\/diariodigitalmx.com\/index.php\/wp-json\/wp\/v2\/media?parent=109789"}],"wp:term":[{"taxonomy":"category","embeddable":true,"href":"https:\/\/diariodigitalmx.com\/index.php\/wp-json\/wp\/v2\/categories?post=109789"},{"taxonomy":"post_tag","embeddable":true,"href":"https:\/\/diariodigitalmx.com\/index.php\/wp-json\/wp\/v2\/tags?post=109789"}],"curies":[{"name":"wp","href":"https:\/\/api.w.org\/{rel}","templated":true}]}}