{"id":109792,"date":"2023-11-21T16:30:58","date_gmt":"2023-11-21T22:30:58","guid":{"rendered":"http:\/\/diariodigitalmx.com\/?p=109792"},"modified":"2023-11-21T16:32:11","modified_gmt":"2023-11-21T22:32:11","slug":"gestiona-hector-garcia-programa-de-seguro-de-desempleo-en-nl","status":"publish","type":"post","link":"https:\/\/diariodigitalmx.com\/index.php\/2023\/11\/21\/gestiona-hector-garcia-programa-de-seguro-de-desempleo-en-nl\/","title":{"rendered":"Gestiona H\u00e9ctor Garc\u00eda Programa de Seguro de Desempleo en NL"},"content":{"rendered":"\n<p>A propuesta del Diputado Local, H\u00e9ctor Garc\u00eda, el pleno del Congreso de Nuevo Le\u00f3n aprob\u00f3 por unanimidad, exhortar al Ejecutivo Estatal para que implemente el Programa Seguro de Desempleo, en apoyo a hombres y mujeres que perdieron su empleo formal en la entidad.<\/p>\n\n\n\n<p>El legislador por Movimiento Ciudadano plante\u00f3 ofrecer un incentivo econ\u00f3mico y fomentar la reinserci\u00f3n laboral de las personas desempleadas, mediante capacitaci\u00f3n y una bolsa de trabajo.<\/p>\n\n\n\n<p>Integrantes de la Comisi\u00f3n de Econom\u00eda, Emprendimiento y Turismo del Congreso Local, acogieron el punto de acuerdo presentado por el Diputado H\u00e9ctor Garc\u00eda, poni\u00e9ndolo a votaci\u00f3n en la sesi\u00f3n de este martes.<\/p>\n\n\n\n<p>El legislador emecista destac\u00f3 que Nuevo Le\u00f3n ocupa el lugar 7 de las entidades con mayor desempleo en el pa\u00eds, durante el primer trimestre del 2023, seg\u00fan datos del INEGI.<\/p>\n\n\n\n<p>Ante el riesgo de que aumente la tasa de desempleo, Garc\u00eda alert\u00f3 de la posible disminuci\u00f3n en la producci\u00f3n de bienes y servicios, situaci\u00f3n que se debe contrarrestar en una entidad como Nuevo Le\u00f3n que destaca por su inversi\u00f3n y fuerza laboral.<\/p>\n","protected":false},"excerpt":{"rendered":"<p>A propuesta del Diputado Local, H\u00e9ctor Garc\u00eda, el pleno del Congreso de Nuevo Le\u00f3n aprob\u00f3 por unanimidad, exhortar al Ejecutivo Estatal para que implemente el Programa Seguro de Desempleo, en apoyo a hombres y mujeres que perdieron su empleo formal en la entidad. El legislador por Movimiento Ciudadano plante\u00f3 ofrecer un incentivo econ\u00f3mico y fomentar [&hellip;]<\/p>\n","protected":false},"author":1,"featured_media":109794,"comment_status":"open","ping_status":"open","sticky":true,"template":"","format":"standard","meta":{"footnotes":""},"categories":[6,3],"tags":[],"_links":{"self":[{"href":"https:\/\/diariodigitalmx.com\/index.php\/wp-json\/wp\/v2\/posts\/109792"}],"collection":[{"href":"https:\/\/diariodigitalmx.com\/index.php\/wp-json\/wp\/v2\/posts"}],"about":[{"href":"https:\/\/diariodigitalmx.com\/index.php\/wp-json\/wp\/v2\/types\/post"}],"author":[{"embeddable":true,"href":"https:\/\/diariodigitalmx.com\/index.php\/wp-json\/wp\/v2\/users\/1"}],"replies":[{"embeddable":true,"href":"https:\/\/diariodigitalmx.com\/index.php\/wp-json\/wp\/v2\/comments?post=109792"}],"version-history":[{"count":2,"href":"https:\/\/diariodigitalmx.com\/index.php\/wp-json\/wp\/v2\/posts\/109792\/revisions"}],"predecessor-version":[{"id":109795,"href":"https:\/\/diariodigitalmx.com\/index.php\/wp-json\/wp\/v2\/posts\/109792\/revisions\/109795"}],"wp:featuredmedia":[{"embeddable":true,"href":"https:\/\/diariodigitalmx.com\/index.php\/wp-json\/wp\/v2\/media\/109794"}],"wp:attachment":[{"href":"https:\/\/diariodigitalmx.com\/index.php\/wp-json\/wp\/v2\/media?parent=109792"}],"wp:term":[{"taxonomy":"category","embeddable":true,"href":"https:\/\/diariodigitalmx.com\/index.php\/wp-json\/wp\/v2\/categories?post=109792"},{"taxonomy":"post_tag","embeddable":true,"href":"https:\/\/diariodigitalmx.com\/index.php\/wp-json\/wp\/v2\/tags?post=109792"}],"curies":[{"name":"wp","href":"https:\/\/api.w.org\/{rel}","templated":true}]}}