{"id":109830,"date":"2023-11-22T10:19:00","date_gmt":"2023-11-22T16:19:00","guid":{"rendered":"http:\/\/diariodigitalmx.com\/?p=109830"},"modified":"2023-11-22T10:21:35","modified_gmt":"2023-11-22T16:21:35","slug":"aguanieve-en-nl-llego-el-frio","status":"publish","type":"post","link":"https:\/\/diariodigitalmx.com\/index.php\/2023\/11\/22\/aguanieve-en-nl-llego-el-frio\/","title":{"rendered":"Aguanieve en NL, lleg\u00f3 el fr\u00edo"},"content":{"rendered":"\n<figure class=\"wp-block-video\"><video controls src=\"http:\/\/diariodigitalmx.com\/wp-content\/uploads\/2023\/11\/VID-20231122-WA0032.mp4\"><\/video><\/figure>\n\n\n\n<p>Monterrey . &#8211; El fr\u00edo arreci\u00f3 en las zonas rurales y monta\u00f1osas de Nuevo Le\u00f3n como ha sucedido en comunidades de los municipios de Galeana y Doctor Arroyo, unos 300 kil\u00f3metros al sur.<\/p>\n\n\n\n<p>De acuerdo a Protecci\u00f3n Civil, se trata delbfrente fr\u00edo 11 que entr\u00f3 a la regi\u00f3n y provoc\u00f3 la ca\u00edda de aguanieve en esa zona.<\/p>\n\n\n\n<figure class=\"wp-block-image size-large\"><img loading=\"lazy\" decoding=\"async\" width=\"819\" height=\"1024\" src=\"http:\/\/diariodigitalmx.com\/wp-content\/uploads\/2023\/11\/IMG_20231122_101757_139-819x1024.webp\" alt=\"\" class=\"wp-image-109836\" srcset=\"https:\/\/diariodigitalmx.com\/wp-content\/uploads\/2023\/11\/IMG_20231122_101757_139-819x1024.webp 819w, https:\/\/diariodigitalmx.com\/wp-content\/uploads\/2023\/11\/IMG_20231122_101757_139-240x300.webp 240w, https:\/\/diariodigitalmx.com\/wp-content\/uploads\/2023\/11\/IMG_20231122_101757_139-768x960.webp 768w, https:\/\/diariodigitalmx.com\/wp-content\/uploads\/2023\/11\/IMG_20231122_101757_139.webp 960w\" sizes=\"(max-width: 819px) 100vw, 819px\" \/><\/figure>\n\n\n\n<p>El aguanieve fue reportada con m\u00e1s intensidad en la Carretera 61 Galeana &#8211; Doctor Arroyo, a la altura de Puerto Cieneguillas.<\/p>\n\n\n\n<p>Asimismo, en la comunidad de Las Crucitas, en Galeana tambi\u00e9n se report\u00f3 ese fen\u00f3meno que cay\u00f3 con mayor intensidad.<\/p>\n\n\n\n<p>&#8220;La primera tormenta invernal de la temporada se localizar\u00e1 sobre la Mesa del Norte, manteniendo las condiciones para la ca\u00edda de aguanieve o nieve en la regi\u00f3n monta\u00f1osa de Nuevo Le\u00f3n&#8221;, inform\u00f3 a su vez la Conagua.<\/p>\n\n\n\n<figure class=\"wp-block-image size-large\"><img loading=\"lazy\" decoding=\"async\" width=\"819\" height=\"1024\" src=\"http:\/\/diariodigitalmx.com\/wp-content\/uploads\/2023\/11\/IMG_20231122_101757_300-819x1024.webp\" alt=\"\" class=\"wp-image-109838\" srcset=\"https:\/\/diariodigitalmx.com\/wp-content\/uploads\/2023\/11\/IMG_20231122_101757_300-819x1024.webp 819w, https:\/\/diariodigitalmx.com\/wp-content\/uploads\/2023\/11\/IMG_20231122_101757_300-240x300.webp 240w, https:\/\/diariodigitalmx.com\/wp-content\/uploads\/2023\/11\/IMG_20231122_101757_300-768x960.webp 768w, https:\/\/diariodigitalmx.com\/wp-content\/uploads\/2023\/11\/IMG_20231122_101757_300.webp 1080w\" sizes=\"(max-width: 819px) 100vw, 819px\" \/><\/figure>\n\n\n\n<p>El pronostico estima que este mi\u00e9rcoles la temperatura descienda hasta los cero grados en zonas monta\u00f1osas. Para la zona sur del estado la m\u00ednima ser\u00e1 de entre 3 y 5 grados con m\u00e1ximas de hasta 11.<\/p>\n\n\n\n<figure class=\"wp-block-image size-large\"><img loading=\"lazy\" decoding=\"async\" width=\"819\" height=\"1024\" src=\"http:\/\/diariodigitalmx.com\/wp-content\/uploads\/2023\/11\/IMG_20231122_101757_353-819x1024.webp\" alt=\"\" class=\"wp-image-109841\" srcset=\"https:\/\/diariodigitalmx.com\/wp-content\/uploads\/2023\/11\/IMG_20231122_101757_353-819x1024.webp 819w, https:\/\/diariodigitalmx.com\/wp-content\/uploads\/2023\/11\/IMG_20231122_101757_353-240x300.webp 240w, https:\/\/diariodigitalmx.com\/wp-content\/uploads\/2023\/11\/IMG_20231122_101757_353-768x960.webp 768w, https:\/\/diariodigitalmx.com\/wp-content\/uploads\/2023\/11\/IMG_20231122_101757_353.webp 1080w\" sizes=\"(max-width: 819px) 100vw, 819px\" \/><\/figure>\n\n\n\n<p>Protecci\u00f3n Civil estatal recomend\u00f3 precauci\u00f3n al transitar por las carreteras de la regi\u00f3n sure\u00f1a, y dijo que sus unidades mantienen recorridos permanentes en el Estado, atentos a cualquier emergencia que se presente.<\/p>\n","protected":false},"excerpt":{"rendered":"<p>Monterrey . &#8211; El fr\u00edo arreci\u00f3 en las zonas rurales y monta\u00f1osas de Nuevo Le\u00f3n como ha sucedido en comunidades de los municipios de Galeana y Doctor Arroyo, unos 300 kil\u00f3metros al sur. De acuerdo a Protecci\u00f3n Civil, se trata delbfrente fr\u00edo 11 que entr\u00f3 a la regi\u00f3n y provoc\u00f3 la ca\u00edda de aguanieve en [&hellip;]<\/p>\n","protected":false},"author":1,"featured_media":109832,"comment_status":"open","ping_status":"open","sticky":true,"template":"","format":"standard","meta":{"footnotes":""},"categories":[6,3],"tags":[],"_links":{"self":[{"href":"https:\/\/diariodigitalmx.com\/index.php\/wp-json\/wp\/v2\/posts\/109830"}],"collection":[{"href":"https:\/\/diariodigitalmx.com\/index.php\/wp-json\/wp\/v2\/posts"}],"about":[{"href":"https:\/\/diariodigitalmx.com\/index.php\/wp-json\/wp\/v2\/types\/post"}],"author":[{"embeddable":true,"href":"https:\/\/diariodigitalmx.com\/index.php\/wp-json\/wp\/v2\/users\/1"}],"replies":[{"embeddable":true,"href":"https:\/\/diariodigitalmx.com\/index.php\/wp-json\/wp\/v2\/comments?post=109830"}],"version-history":[{"count":5,"href":"https:\/\/diariodigitalmx.com\/index.php\/wp-json\/wp\/v2\/posts\/109830\/revisions"}],"predecessor-version":[{"id":109842,"href":"https:\/\/diariodigitalmx.com\/index.php\/wp-json\/wp\/v2\/posts\/109830\/revisions\/109842"}],"wp:featuredmedia":[{"embeddable":true,"href":"https:\/\/diariodigitalmx.com\/index.php\/wp-json\/wp\/v2\/media\/109832"}],"wp:attachment":[{"href":"https:\/\/diariodigitalmx.com\/index.php\/wp-json\/wp\/v2\/media?parent=109830"}],"wp:term":[{"taxonomy":"category","embeddable":true,"href":"https:\/\/diariodigitalmx.com\/index.php\/wp-json\/wp\/v2\/categories?post=109830"},{"taxonomy":"post_tag","embeddable":true,"href":"https:\/\/diariodigitalmx.com\/index.php\/wp-json\/wp\/v2\/tags?post=109830"}],"curies":[{"name":"wp","href":"https:\/\/api.w.org\/{rel}","templated":true}]}}