{"id":109855,"date":"2023-11-22T12:39:47","date_gmt":"2023-11-22T18:39:47","guid":{"rendered":"http:\/\/diariodigitalmx.com\/?p=109855"},"modified":"2023-11-22T12:41:39","modified_gmt":"2023-11-22T18:41:39","slug":"confirman-uso-de-fuerza-civil-si-pretende-asumir-gobierno-un-interino-nombrado-por-el-congreso-como-dice-la-constitucion-de-nl","status":"publish","type":"post","link":"https:\/\/diariodigitalmx.com\/index.php\/2023\/11\/22\/confirman-uso-de-fuerza-civil-si-pretende-asumir-gobierno-un-interino-nombrado-por-el-congreso-como-dice-la-constitucion-de-nl\/","title":{"rendered":"Confirman uso de Fuerza Civil si pretende asumir gobierno un interino nombrado por el Congreso"},"content":{"rendered":"\n<p>*Constituci\u00f3n de NL avala al Congreso<\/p>\n\n\n\n<p>Monterrey . &#8211; El secretario de Seguridad P\u00fablica del Estado, Gerardo Palacios P\u00e1manes confirm\u00f3 este jueves que la polic\u00eda de Fuerza Civil har\u00e1 todo lo necesario y proteger los derechos de Javier Navarro para que siga al frente del gobierno de Nuevo Le\u00f3n.<\/p>\n\n\n\n<p>De esta manera, la polic\u00eda estatal, como lo advirti\u00f3 Navarro, secretario de Gobierno y actual encargado del despacho del gobernador, impedir\u00e1 si un gobernador interino nombrado por el Congreso Local pretende asumir en Palacio de Gobierno.<\/p>\n\n\n\n<p>El titular de Seguridad, Palacios P\u00e1manes dijo que su actuar se basa en que hay una resoluci\u00f3n de un juez de Reynosa, Tamaulipas, que avala a Navarro.<\/p>\n\n\n\n<p>&#8220;Yo recib\u00ed una orden de un Juez federal, esa orden es hacer todo lo necesario para proteger el derecho que \u00e9l est\u00e1 reconociendo en el ciudadano Javier Navarro Velasco en hacerse cargo del Despacho del Ejecutivo del Estado&#8221;.<\/p>\n\n\n\n<p>&#8220;No he sido notificado de que esa resoluci\u00f3n del Juez federal haya quedado sin efecto, por lo tanto soy sujeto obligado como autoridad responsable o demandada dentro de un juicio de amparo indirecto&#8221;, advirti\u00f3 el funcionario.<\/p>\n\n\n\n<p>El Secretario de Seguridad insisti\u00f3 en que tiene que acatar la orden y que al menos hasta hoy mi\u00e9rcoles no hab\u00eda sido notificado de que la resoluci\u00f3n del Juez qued\u00f3 sin efecto.<\/p>\n\n\n\n<p>&#8220;No voy a opinar de pol\u00edtica si no de lo jur\u00eddico, en este momento hay una orden y esa orden est\u00e1 vigente&#8221;, expres\u00f3.<\/p>\n\n\n\n<p>La semana pasada, Javier Navarro advirti\u00f3 que el Estado no reconocer\u00e1 a un interino designado por el Congreso sin consenso previo y ligado a MC, y anticip\u00f3 que podr\u00eda usarse a Fuerza Civil si el 2 de diciembre si pretende asumir la oficina del gobernador.<\/p>\n\n\n\n<p>De acuerdo al Art\u00edculo 122 de la Constituci\u00f3n local, cuando el gobernador se ausenta m\u00e1s de 30 d\u00edas, es el Congreso quien designa un interino, y si la ausencia es menor a 30 d\u00edas el secretario de Gobierno asume como encargado del despacho como est\u00e1 ahora Navarro.<\/p>\n\n\n\n<p>Sin embargo, antes de irse a su precampa\u00f1a presidencial, Samuel Garc\u00eda public\u00f3 en el peri\u00f3dico Oficial del Estado que Javier Navarro estar\u00e1 al frente desde el lunes 20 al 18 de diciembre.<\/p>\n\n\n\n<p>Sin embargo, Garc\u00eda tiene licencia del 2 de diciembre al 2 de junio, y la designaci\u00f3n que hizo en Navarro abarca d\u00edas del permiso de seis meses, lo que crea otro conflicto.<\/p>\n","protected":false},"excerpt":{"rendered":"<p>*Constituci\u00f3n de NL avala al Congreso Monterrey . &#8211; El secretario de Seguridad P\u00fablica del Estado, Gerardo Palacios P\u00e1manes confirm\u00f3 este jueves que la polic\u00eda de Fuerza Civil har\u00e1 todo lo necesario y proteger los derechos de Javier Navarro para que siga al frente del gobierno de Nuevo Le\u00f3n. De esta manera, la polic\u00eda estatal, [&hellip;]<\/p>\n","protected":false},"author":1,"featured_media":109857,"comment_status":"open","ping_status":"open","sticky":true,"template":"","format":"standard","meta":{"footnotes":""},"categories":[6,3],"tags":[],"_links":{"self":[{"href":"https:\/\/diariodigitalmx.com\/index.php\/wp-json\/wp\/v2\/posts\/109855"}],"collection":[{"href":"https:\/\/diariodigitalmx.com\/index.php\/wp-json\/wp\/v2\/posts"}],"about":[{"href":"https:\/\/diariodigitalmx.com\/index.php\/wp-json\/wp\/v2\/types\/post"}],"author":[{"embeddable":true,"href":"https:\/\/diariodigitalmx.com\/index.php\/wp-json\/wp\/v2\/users\/1"}],"replies":[{"embeddable":true,"href":"https:\/\/diariodigitalmx.com\/index.php\/wp-json\/wp\/v2\/comments?post=109855"}],"version-history":[{"count":2,"href":"https:\/\/diariodigitalmx.com\/index.php\/wp-json\/wp\/v2\/posts\/109855\/revisions"}],"predecessor-version":[{"id":109859,"href":"https:\/\/diariodigitalmx.com\/index.php\/wp-json\/wp\/v2\/posts\/109855\/revisions\/109859"}],"wp:featuredmedia":[{"embeddable":true,"href":"https:\/\/diariodigitalmx.com\/index.php\/wp-json\/wp\/v2\/media\/109857"}],"wp:attachment":[{"href":"https:\/\/diariodigitalmx.com\/index.php\/wp-json\/wp\/v2\/media?parent=109855"}],"wp:term":[{"taxonomy":"category","embeddable":true,"href":"https:\/\/diariodigitalmx.com\/index.php\/wp-json\/wp\/v2\/categories?post=109855"},{"taxonomy":"post_tag","embeddable":true,"href":"https:\/\/diariodigitalmx.com\/index.php\/wp-json\/wp\/v2\/tags?post=109855"}],"curies":[{"name":"wp","href":"https:\/\/api.w.org\/{rel}","templated":true}]}}