{"id":109954,"date":"2023-11-24T06:44:36","date_gmt":"2023-11-24T12:44:36","guid":{"rendered":"http:\/\/diariodigitalmx.com\/?p=109954"},"modified":"2023-11-24T06:45:24","modified_gmt":"2023-11-24T12:45:24","slug":"encuestas-o-redes-sociales","status":"publish","type":"post","link":"https:\/\/diariodigitalmx.com\/index.php\/2023\/11\/24\/encuestas-o-redes-sociales\/","title":{"rendered":"\u00bfEncuestas o redes sociales?"},"content":{"rendered":"\n<p>De frente y de perfil<\/p>\n\n\n\n<p>Ram\u00f3n Zurita Sahag\u00fan <\/p>\n\n\n\n<p>La vida actual nos ha ense\u00f1ado a no creer en todo lo que circula por distintos rumbos y mucho volverse cr\u00e9dulo de lo que se comenta.<\/p>\n\n\n\n<p>El arranque de las precampa\u00f1as presidenciales nos muestra un poco de lo que vendr\u00e1 como cascada en las pr\u00f3ximas semanas y desembocar\u00e1 en las urnas del dos de junio, diseminadas por todo el pa\u00eds.<\/p>\n\n\n\n<p>De hacer caso a lo circulante y de acuerdo a lo que menciona, si hoy fuesen las elecciones habr\u00eda dos variantes: las encuestas hablan de una ventaja de hasta 20 o m\u00e1s puntos de Claudia Sheinbaum sobre X\u00f3chitl G\u00e1lvez. Sin embargo, las redes sociales revelan los otros datos, Samuel Garc\u00eda apabullar\u00eda a X\u00f3chitl G\u00e1lvez.<\/p>\n\n\n\n<p>En las encuestas el futuro candidato (ya lo es de hecho) e MC, Samuel Garc\u00eda, quedar\u00eda debajo de los dos d\u00edgitos. En las redes sociales lo har\u00eda Claudia Sheinbaum, quien requiere de un mejor manejo de las redes sociales: FB, IG, X y otras m\u00e1s.<\/p>\n\n\n\n<p>Curiosamente, la candidata del Frente Amplio por M\u00e9xico ser\u00eda el s\u00e1ndwich, ya que tanto en encuestas como en redes sociales se encuentra en medio de la abanderada de MORENA y del aspirante de Movimiento Ciudadano.<\/p>\n\n\n\n<p>Los reportes de las primeras 72 horas de precampa\u00f1a no son todo lo halag\u00fce\u00f1o que algunos quieren, pues los ciudadanos no se advierten entusiasmados y, tal vez, est\u00e9n pensando en sacar su emoci\u00f3n y frenes\u00ed durante las campa\u00f1as formales que inician en marzo y culminan 72 horas antes del ejercicio democr\u00e1tico.<\/p>\n\n\n\n<p>Pero si las campa\u00f1as pol\u00edticas no logran encender el fervor ni la adrenalina de los electores, si la de los pol\u00edticos que quieren aprovechar este envi\u00f3n para ser considerados.<\/p>\n\n\n\n<p>Una de ellas es la gobernadora de Baja California, Marina del Pilar \u00c1vila, quien reconfortada por el Presidente L\u00f3pez Obrador que acudi\u00f3 hace unos d\u00edas a su informe de gobierno (es apenas el segundo al que asiste en cinco a\u00f1os de gobierno. El primero fue el de Alfredo del Mazo) y le dio un gran espaldarazo, a pesar de que en la entidad prevalece un malestar ciudadano, por la inseguridad desbordada, opera, seg\u00fan los propios ciudadanos, un narco gobierno, vinculando al esposo de la gobernadora Carlos Torres en ese asunto, siendo este quien toma las grandes decisiones en materia de gobierno.<\/p>\n\n\n\n<p>Marina del Pilar se promueve para sumarse a la campa\u00f1a presidencial de Claudia Sheinbaum, apoyada por su mentor, Mario Delgado, quien la ha llevado de la mano a todos los cargos p\u00fablicos que en cascada ha tenido en cinco a\u00f1os: diputada federal, alcaldesa de Mexicali y gobernadora.<\/p>\n\n\n\n<p>La gobernadora trae un fuerte intercambio de agravios con el exgobernador Jaime Bonilla que aspira a la alcald\u00eda de Tijuana, postulado por el PT y hace fuerte se\u00f1alamientos contra su sucesora.<\/p>\n\n\n\n<p>Otro personaje, gobernador que se apresta para subirse a una campa\u00f1a pol\u00edtica es Miguel Riquelme que el pr\u00f3ximo uno de diciembre dejar\u00e1 el gobierno de Coahuila y se sumar\u00e1 a la estructura de X\u00f3chitl G\u00e1lvez.<\/p>\n\n\n\n<pre class=\"wp-block-code\"><code>                                                       \u2026\u2026\u2026\u2026\u2026\u2026\u2026\u2026\u2026\u2026.. <\/code><\/pre>\n\n\n\n<p>El FAM tiene listo el programa de cogobierno con el que ejercer\u00eda X\u00f3chitl G\u00e1lvez la Presidencia de M\u00e9xico a partir del primero de octubre del pr\u00f3ximo a\u00f1o, si es que los votos le dan el triunfo\u2026Una de las primer duplas integradas para el Senado son las que conformar\u00edan el panista Enrique Vargas y la priista Ana Lilia Herrera, como primero y segundo en la f\u00f3rmula del FAM. Puebla contempla al priista Jorge Estefan y la panista Augusta D\u00edaz, como compa\u00f1eros de f\u00f3rmula. En Nuevo Le\u00f3n se asoman Cristina D\u00edaz o Marcela Guerra, como posible cabeza de la f\u00f3rmula senatorial. Comienza la danza de nombres. En Tamaulipas circulan los nombres de Francisco Javier Garc\u00eda o Jes\u00fas Nader para encabezar la f\u00f3rmula. En los siguientes d\u00edas daremos a conocer m\u00e1s nombres de los posibles miembros del Senado de la Rep\u00fablica.<\/p>\n\n\n\n<p>Email: ramonzurita44@hotmail.com<\/p>\n\n\n\n<p>Email: ramonzurita44@gmail.com<\/p>\n","protected":false},"excerpt":{"rendered":"<p>De frente y de perfil Ram\u00f3n Zurita Sahag\u00fan La vida actual nos ha ense\u00f1ado a no creer en todo lo que circula por distintos rumbos y mucho volverse cr\u00e9dulo de lo que se comenta. El arranque de las precampa\u00f1as presidenciales nos muestra un poco de lo que vendr\u00e1 como cascada en las pr\u00f3ximas semanas y [&hellip;]<\/p>\n","protected":false},"author":1,"featured_media":109956,"comment_status":"open","ping_status":"open","sticky":true,"template":"","format":"standard","meta":{"footnotes":""},"categories":[12,5],"tags":[],"_links":{"self":[{"href":"https:\/\/diariodigitalmx.com\/index.php\/wp-json\/wp\/v2\/posts\/109954"}],"collection":[{"href":"https:\/\/diariodigitalmx.com\/index.php\/wp-json\/wp\/v2\/posts"}],"about":[{"href":"https:\/\/diariodigitalmx.com\/index.php\/wp-json\/wp\/v2\/types\/post"}],"author":[{"embeddable":true,"href":"https:\/\/diariodigitalmx.com\/index.php\/wp-json\/wp\/v2\/users\/1"}],"replies":[{"embeddable":true,"href":"https:\/\/diariodigitalmx.com\/index.php\/wp-json\/wp\/v2\/comments?post=109954"}],"version-history":[{"count":1,"href":"https:\/\/diariodigitalmx.com\/index.php\/wp-json\/wp\/v2\/posts\/109954\/revisions"}],"predecessor-version":[{"id":109955,"href":"https:\/\/diariodigitalmx.com\/index.php\/wp-json\/wp\/v2\/posts\/109954\/revisions\/109955"}],"wp:featuredmedia":[{"embeddable":true,"href":"https:\/\/diariodigitalmx.com\/index.php\/wp-json\/wp\/v2\/media\/109956"}],"wp:attachment":[{"href":"https:\/\/diariodigitalmx.com\/index.php\/wp-json\/wp\/v2\/media?parent=109954"}],"wp:term":[{"taxonomy":"category","embeddable":true,"href":"https:\/\/diariodigitalmx.com\/index.php\/wp-json\/wp\/v2\/categories?post=109954"},{"taxonomy":"post_tag","embeddable":true,"href":"https:\/\/diariodigitalmx.com\/index.php\/wp-json\/wp\/v2\/tags?post=109954"}],"curies":[{"name":"wp","href":"https:\/\/api.w.org\/{rel}","templated":true}]}}