{"id":109980,"date":"2023-11-24T18:04:42","date_gmt":"2023-11-25T00:04:42","guid":{"rendered":"http:\/\/diariodigitalmx.com\/?p=109980"},"modified":"2023-11-24T18:05:45","modified_gmt":"2023-11-25T00:05:45","slug":"le-quiso-robar-los-pantalones-a-milano","status":"publish","type":"post","link":"https:\/\/diariodigitalmx.com\/index.php\/2023\/11\/24\/le-quiso-robar-los-pantalones-a-milano\/","title":{"rendered":"Le quiso robar los pantalones a Milano"},"content":{"rendered":"\n<p><br>Un hombre originario del estado de M\u00e9xico, fue detenido en flagrancia por oficiales de la Polic\u00eda de Monterrey, cuando presuntamente entr\u00f3 a un negocio a robar, en el centro de la ciudad.<br>El presunto fue identificado como Luis Gerardo B., de 21 a\u00f1os de edad, los hechos ocurrieron en el cruce de la avenida Ju\u00e1rez y Modesto Arreola, en donde se ubica el negocio \u201cMilano\u201d, a las 16:20 horas.<\/p>\n\n\n\n<figure class=\"wp-block-image size-full\"><img loading=\"lazy\" decoding=\"async\" width=\"376\" height=\"374\" src=\"http:\/\/diariodigitalmx.com\/wp-content\/uploads\/2023\/11\/IMG-20231124-WA0013.jpg\" alt=\"\" class=\"wp-image-109983\" srcset=\"https:\/\/diariodigitalmx.com\/wp-content\/uploads\/2023\/11\/IMG-20231124-WA0013.jpg 376w, https:\/\/diariodigitalmx.com\/wp-content\/uploads\/2023\/11\/IMG-20231124-WA0013-300x298.jpg 300w, https:\/\/diariodigitalmx.com\/wp-content\/uploads\/2023\/11\/IMG-20231124-WA0013-150x150.jpg 150w\" sizes=\"(max-width: 376px) 100vw, 376px\" \/><\/figure>\n\n\n\n<p>Los elementos de la Polic\u00eda de Monterrey realizaban labores de prevenci\u00f3n y vigilancia, cuando reciben el reporte de robo en proceso a un negocio por lo que se aproximan al lugar.<br>El encargado del comercio manifest\u00f3 que el presunto lleg\u00f3 como cliente, cuando personal de seguridad observ\u00f3 que tomaba diversa mercanc\u00eda introduci\u00e9ndola en su ropa, de la cual colgaban las etiquetas, por lo que llam\u00f3 a la polic\u00eda.<br>Cuando llegaron los uniformados municipales de manera inmediata, el joven fue detenido a petici\u00f3n del encargado, para que responda por el hecho cometido.<br>Al realizarle una inspecci\u00f3n, le fueron encontrados al interior de su sudadera, cuatro pantalones con valor total de mil pesos.<br>Luis Gerardo B., fue trasladado a las instalaciones de la Polic\u00eda de Monterrey, donde qued\u00f3 a disposici\u00f3n del Ministerio P\u00fablico, por el delito que le resulte.<\/p>\n","protected":false},"excerpt":{"rendered":"<p>Un hombre originario del estado de M\u00e9xico, fue detenido en flagrancia por oficiales de la Polic\u00eda de Monterrey, cuando presuntamente entr\u00f3 a un negocio a robar, en el centro de la ciudad.El presunto fue identificado como Luis Gerardo B., de 21 a\u00f1os de edad, los hechos ocurrieron en el cruce de la avenida Ju\u00e1rez y [&hellip;]<\/p>\n","protected":false},"author":1,"featured_media":109982,"comment_status":"open","ping_status":"open","sticky":true,"template":"","format":"standard","meta":{"footnotes":""},"categories":[5,7],"tags":[],"_links":{"self":[{"href":"https:\/\/diariodigitalmx.com\/index.php\/wp-json\/wp\/v2\/posts\/109980"}],"collection":[{"href":"https:\/\/diariodigitalmx.com\/index.php\/wp-json\/wp\/v2\/posts"}],"about":[{"href":"https:\/\/diariodigitalmx.com\/index.php\/wp-json\/wp\/v2\/types\/post"}],"author":[{"embeddable":true,"href":"https:\/\/diariodigitalmx.com\/index.php\/wp-json\/wp\/v2\/users\/1"}],"replies":[{"embeddable":true,"href":"https:\/\/diariodigitalmx.com\/index.php\/wp-json\/wp\/v2\/comments?post=109980"}],"version-history":[{"count":2,"href":"https:\/\/diariodigitalmx.com\/index.php\/wp-json\/wp\/v2\/posts\/109980\/revisions"}],"predecessor-version":[{"id":109984,"href":"https:\/\/diariodigitalmx.com\/index.php\/wp-json\/wp\/v2\/posts\/109980\/revisions\/109984"}],"wp:featuredmedia":[{"embeddable":true,"href":"https:\/\/diariodigitalmx.com\/index.php\/wp-json\/wp\/v2\/media\/109982"}],"wp:attachment":[{"href":"https:\/\/diariodigitalmx.com\/index.php\/wp-json\/wp\/v2\/media?parent=109980"}],"wp:term":[{"taxonomy":"category","embeddable":true,"href":"https:\/\/diariodigitalmx.com\/index.php\/wp-json\/wp\/v2\/categories?post=109980"},{"taxonomy":"post_tag","embeddable":true,"href":"https:\/\/diariodigitalmx.com\/index.php\/wp-json\/wp\/v2\/tags?post=109980"}],"curies":[{"name":"wp","href":"https:\/\/api.w.org\/{rel}","templated":true}]}}