{"id":110019,"date":"2023-11-25T13:44:46","date_gmt":"2023-11-25T19:44:46","guid":{"rendered":"http:\/\/diariodigitalmx.com\/?p=110019"},"modified":"2023-11-25T13:45:25","modified_gmt":"2023-11-25T19:45:25","slug":"no-negociable-gobernador-interino-y-fondo-a-municipios-presion-de-samuel-garcia-acusa-alejandro-moreno","status":"publish","type":"post","link":"https:\/\/diariodigitalmx.com\/index.php\/2023\/11\/25\/no-negociable-gobernador-interino-y-fondo-a-municipios-presion-de-samuel-garcia-acusa-alejandro-moreno\/","title":{"rendered":"No negociable gobernador interino y fondo a municipios; presi\u00f3n de Samuel Garc\u00eda acusa Alejandro Moreno"},"content":{"rendered":"\n<p><br>Monterrey. &#8211; En la designaci\u00f3n de<br>un Gobernador Interino no se negocia nombramiento de Fiscal y un fondo de 2 mil 500 millones de pesos a municipios, pues son responsabilidades constitucionales, advieri\u00f3 Alejandro Moreno, presidente nacional del PRI.<\/p>\n\n\n\n<p>Acus\u00f3 que el Gobierno de Samuel Garc\u00eda a trav\u00e9s de su encargado del despacho, Javier Navarro, ejercen<br>presi\u00f3n pol\u00edtica con estos temas para imponer a un gobernador interino de Movimiento Ciudadano.<\/p>\n\n\n\n<p>&#8220;No puede haber un gobierno que diga de manera burda que a cambio de los recursos quiere poner a una propuesta del que no est\u00e1 aqu\u00ed, y que abandon\u00f3 el Estado&#8221;, abund\u00f3 el dirigente quien encabez\u00f3 la Marcha de la Unidad Revolucionaria, que el PRI de Nuevo Le\u00f3n, que preside el diputado Jos\u00e9 Garza Ochoa, realiz\u00f3 en el municipio de Ju\u00e1rez.<\/p>\n\n\n\n<p>&#8220;Al final son recursos p\u00fablicos que por Ley le tocan a los Municipios, son recursos que tienen que ir para la gente y el que los est\u00e1 deteniendo a cambio de seguir haciendo una presi\u00f3n pol\u00edtica es Samuel Garc\u00eda&#8221;, dijo Moreno a la prensa.<\/p>\n\n\n\n<p>No son negociaciones, la responsabilidad y la decisi\u00f3n de elegir el tema del interino y de la Fiscal\u00eda, es constitucional de las y los diputados.&#8221;El Congreso es quien tiene la facultad soberana de decidir, votar y en su caso, qui\u00e9n habr\u00e1 de estar en esa posici\u00f3n en los pr\u00f3ximos meses&#8221;, aclaro.<\/p>\n\n\n\n<p>No hay nada que negociar, la Suprema Corte de la Justicia de la Naci\u00f3n y el Tribunal Electoral del Poder Judicial de la Federaci\u00f3n ya resolvieron que el Congreso Local debe nombrar a un Gobernador Interino, recalc\u00f3 el l\u00edder priista.<\/p>\n\n\n\n<p>Alejandro Moreno se reuni\u00f3 con militantes priistas, la clase pol\u00edtica tricolor, encabez\u00f3 la marcha y un mitin de respaldo a X\u00f3chitl G\u00e1lvez.<\/p>\n\n\n\n<p>Javier Navarro, encargado del despacho dijo que el gobierno liberar\u00e1 el fondo millonarios retenido a municipios si \u00e9l es el gobernador interino a partir del 2 de diciembre cuando inicia la licencia de seis meses del gobernador Samuel Garc\u00eda.<\/p>\n","protected":false},"excerpt":{"rendered":"<p>Monterrey. &#8211; En la designaci\u00f3n deun Gobernador Interino no se negocia nombramiento de Fiscal y un fondo de 2 mil 500 millones de pesos a municipios, pues son responsabilidades constitucionales, advieri\u00f3 Alejandro Moreno, presidente nacional del PRI. Acus\u00f3 que el Gobierno de Samuel Garc\u00eda a trav\u00e9s de su encargado del despacho, Javier Navarro, ejercenpresi\u00f3n pol\u00edtica [&hellip;]<\/p>\n","protected":false},"author":1,"featured_media":110021,"comment_status":"open","ping_status":"open","sticky":true,"template":"","format":"standard","meta":{"footnotes":""},"categories":[6,3],"tags":[],"_links":{"self":[{"href":"https:\/\/diariodigitalmx.com\/index.php\/wp-json\/wp\/v2\/posts\/110019"}],"collection":[{"href":"https:\/\/diariodigitalmx.com\/index.php\/wp-json\/wp\/v2\/posts"}],"about":[{"href":"https:\/\/diariodigitalmx.com\/index.php\/wp-json\/wp\/v2\/types\/post"}],"author":[{"embeddable":true,"href":"https:\/\/diariodigitalmx.com\/index.php\/wp-json\/wp\/v2\/users\/1"}],"replies":[{"embeddable":true,"href":"https:\/\/diariodigitalmx.com\/index.php\/wp-json\/wp\/v2\/comments?post=110019"}],"version-history":[{"count":1,"href":"https:\/\/diariodigitalmx.com\/index.php\/wp-json\/wp\/v2\/posts\/110019\/revisions"}],"predecessor-version":[{"id":110020,"href":"https:\/\/diariodigitalmx.com\/index.php\/wp-json\/wp\/v2\/posts\/110019\/revisions\/110020"}],"wp:featuredmedia":[{"embeddable":true,"href":"https:\/\/diariodigitalmx.com\/index.php\/wp-json\/wp\/v2\/media\/110021"}],"wp:attachment":[{"href":"https:\/\/diariodigitalmx.com\/index.php\/wp-json\/wp\/v2\/media?parent=110019"}],"wp:term":[{"taxonomy":"category","embeddable":true,"href":"https:\/\/diariodigitalmx.com\/index.php\/wp-json\/wp\/v2\/categories?post=110019"},{"taxonomy":"post_tag","embeddable":true,"href":"https:\/\/diariodigitalmx.com\/index.php\/wp-json\/wp\/v2\/tags?post=110019"}],"curies":[{"name":"wp","href":"https:\/\/api.w.org\/{rel}","templated":true}]}}