{"id":110043,"date":"2023-11-25T17:06:51","date_gmt":"2023-11-25T23:06:51","guid":{"rendered":"http:\/\/diariodigitalmx.com\/?p=110043"},"modified":"2023-11-25T17:09:07","modified_gmt":"2023-11-25T23:09:07","slug":"celebran-mas-de-20-mil-priistas-marcha-por-la-unidad-en-municipio-de-juarez-nl","status":"publish","type":"post","link":"https:\/\/diariodigitalmx.com\/index.php\/2023\/11\/25\/celebran-mas-de-20-mil-priistas-marcha-por-la-unidad-en-municipio-de-juarez-nl\/","title":{"rendered":"Celebran m\u00e1s de 20 mil priistas marcha por la unidad en municipio de Ju\u00e1rez, NL"},"content":{"rendered":"\n<figure class=\"wp-block-image size-full\"><img loading=\"lazy\" decoding=\"async\" width=\"455\" height=\"459\" src=\"http:\/\/diariodigitalmx.com\/wp-content\/uploads\/2023\/11\/IMG_20231125_170409_948.webp\" alt=\"\" class=\"wp-image-110047\" srcset=\"https:\/\/diariodigitalmx.com\/wp-content\/uploads\/2023\/11\/IMG_20231125_170409_948.webp 455w, https:\/\/diariodigitalmx.com\/wp-content\/uploads\/2023\/11\/IMG_20231125_170409_948-297x300.webp 297w, https:\/\/diariodigitalmx.com\/wp-content\/uploads\/2023\/11\/IMG_20231125_170409_948-150x150.webp 150w\" sizes=\"(max-width: 455px) 100vw, 455px\" \/><\/figure>\n\n\n\n<p>M\u00e1s de 20 mil militantes y simpatizantes del PRI recorrieron las calles del municipio de Ju\u00e1rez en la Marcha de la Unidad Revolucionaria con la que refrendaron el orgullo de ser los herederos de los ideales de la Revoluci\u00f3n.<br>El contingente estuvo encabezado por el presidente nacional del PRI, Alejandro Moreno C\u00e1rdenas; el dirigente estatal del PRI, Jos\u00e9 Luis Garza Ochoa; el alcalde de Ju\u00e1rez, Francisco Trevi\u00f1o Cant\u00fa y el coordinador de los diputados locales, Heriberto Trevi\u00f1o Cant\u00fa.<\/p>\n\n\n\n<figure class=\"wp-block-image size-full\"><img loading=\"lazy\" decoding=\"async\" width=\"719\" height=\"728\" src=\"http:\/\/diariodigitalmx.com\/wp-content\/uploads\/2023\/11\/IMG_20231125_170410_058.webp\" alt=\"\" class=\"wp-image-110049\" srcset=\"https:\/\/diariodigitalmx.com\/wp-content\/uploads\/2023\/11\/IMG_20231125_170410_058.webp 719w, https:\/\/diariodigitalmx.com\/wp-content\/uploads\/2023\/11\/IMG_20231125_170410_058-296x300.webp 296w\" sizes=\"(max-width: 719px) 100vw, 719px\" \/><\/figure>\n\n\n\n<p>Los priistas iniciaron el recorrido en la lateral de Arturo B. de la Garza, continuaron por las calles L\u00e1zaro Garza Ayala, Emilio Carranza y Ju\u00e1rez hasta llegar a la plaza principal de Ju\u00e1rez.<br>El alcalde de Ju\u00e1rez, Francisco Trevi\u00f1o Cant\u00fa, destac\u00f3 que la principal fortaleza del partido es su unidad y su fortaleza para levantarse todos los d\u00edas y trabajar de manera incansable por el bien de M\u00e9xico.<br>\u201cPorque la base de nuestro instituto pol\u00edtico es su gente, sus militantes, la clase trabajadora, el PRI es un partido pol\u00edtico democr\u00e1tico e incluyente que est\u00e1 comprometido con las clases sociales y trabaja en todo momento de la mano de la gente e impulsa la participaci\u00f3n ciudadana\u201d, mencion\u00f3.<\/p>\n\n\n\n<figure class=\"wp-block-image size-full\"><img loading=\"lazy\" decoding=\"async\" width=\"1024\" height=\"682\" src=\"http:\/\/diariodigitalmx.com\/wp-content\/uploads\/2023\/11\/IMG-20231125-WA0069-1.jpg\" alt=\"\" class=\"wp-image-110052\" srcset=\"https:\/\/diariodigitalmx.com\/wp-content\/uploads\/2023\/11\/IMG-20231125-WA0069-1.jpg 1024w, https:\/\/diariodigitalmx.com\/wp-content\/uploads\/2023\/11\/IMG-20231125-WA0069-1-300x200.jpg 300w, https:\/\/diariodigitalmx.com\/wp-content\/uploads\/2023\/11\/IMG-20231125-WA0069-1-768x512.jpg 768w\" sizes=\"(max-width: 1024px) 100vw, 1024px\" \/><\/figure>\n\n\n\n<p>Por su parte, el presidente nacional del PRI, Alejandro Moreno C\u00e1rdenas se\u00f1al\u00f3 que el PRI es uno de los productos m\u00e1s genuinos de la Revoluci\u00f3n, por lo que esta marcha es una celebraci\u00f3n que cada a\u00f1o realizan los priistas en el marco del aniversario de la Revoluci\u00f3n Mexicana.<br>La asistencia de alcaldes, diputados federales, locales, sectores y organizaciones presentes en esta marcha, es un reflejo de la unidad que existe al interior del partido, valor pol\u00edtico fundamental que hoy por hoy pinta el destino del partido, abund\u00f3.<br>En la marcha de m\u00e1s de 1.5 kil\u00f3metros recorridos, participaron tambi\u00e9n diputados federales, diputados locales, alcaldes y dirigentes de sectores, organizaciones y comit\u00e9s municipales.<\/p>\n","protected":false},"excerpt":{"rendered":"<p>M\u00e1s de 20 mil militantes y simpatizantes del PRI recorrieron las calles del municipio de Ju\u00e1rez en la Marcha de la Unidad Revolucionaria con la que refrendaron el orgullo de ser los herederos de los ideales de la Revoluci\u00f3n.El contingente estuvo encabezado por el presidente nacional del PRI, Alejandro Moreno C\u00e1rdenas; el dirigente estatal del [&hellip;]<\/p>\n","protected":false},"author":1,"featured_media":110045,"comment_status":"open","ping_status":"open","sticky":true,"template":"","format":"standard","meta":{"footnotes":""},"categories":[14,6],"tags":[],"_links":{"self":[{"href":"https:\/\/diariodigitalmx.com\/index.php\/wp-json\/wp\/v2\/posts\/110043"}],"collection":[{"href":"https:\/\/diariodigitalmx.com\/index.php\/wp-json\/wp\/v2\/posts"}],"about":[{"href":"https:\/\/diariodigitalmx.com\/index.php\/wp-json\/wp\/v2\/types\/post"}],"author":[{"embeddable":true,"href":"https:\/\/diariodigitalmx.com\/index.php\/wp-json\/wp\/v2\/users\/1"}],"replies":[{"embeddable":true,"href":"https:\/\/diariodigitalmx.com\/index.php\/wp-json\/wp\/v2\/comments?post=110043"}],"version-history":[{"count":4,"href":"https:\/\/diariodigitalmx.com\/index.php\/wp-json\/wp\/v2\/posts\/110043\/revisions"}],"predecessor-version":[{"id":110053,"href":"https:\/\/diariodigitalmx.com\/index.php\/wp-json\/wp\/v2\/posts\/110043\/revisions\/110053"}],"wp:featuredmedia":[{"embeddable":true,"href":"https:\/\/diariodigitalmx.com\/index.php\/wp-json\/wp\/v2\/media\/110045"}],"wp:attachment":[{"href":"https:\/\/diariodigitalmx.com\/index.php\/wp-json\/wp\/v2\/media?parent=110043"}],"wp:term":[{"taxonomy":"category","embeddable":true,"href":"https:\/\/diariodigitalmx.com\/index.php\/wp-json\/wp\/v2\/categories?post=110043"},{"taxonomy":"post_tag","embeddable":true,"href":"https:\/\/diariodigitalmx.com\/index.php\/wp-json\/wp\/v2\/tags?post=110043"}],"curies":[{"name":"wp","href":"https:\/\/api.w.org\/{rel}","templated":true}]}}