{"id":110080,"date":"2023-11-27T00:14:14","date_gmt":"2023-11-27T06:14:14","guid":{"rendered":"http:\/\/diariodigitalmx.com\/?p=110080"},"modified":"2023-11-27T00:15:13","modified_gmt":"2023-11-27T06:15:13","slug":"derecho-a-la-ciudad","status":"publish","type":"post","link":"https:\/\/diariodigitalmx.com\/index.php\/2023\/11\/27\/derecho-a-la-ciudad\/","title":{"rendered":"Derecho a la Ciudad"},"content":{"rendered":"\n<p>Ixtoc Hinojosa G\u00e1ndara<\/p>\n\n\n\n<p>Desde la firma y ratificaci\u00f3n en 2008 de la Convenci\u00f3n Internacional de los Derechos de las Personas con Discapacidad de la Organizaci\u00f3n de Naciones Unidas lo contenido en esta convenci\u00f3n es una obligaci\u00f3n para todos los Estados Parte, es decir se convierte en una obligaci\u00f3n para la Federaci\u00f3n, los Gobiernos estatales y por supuesto tambi\u00e9n los Municipales en M\u00e9xico. En esta materia estamos en pa\u00f1ales frente a otros pa\u00edses en igual o mejor situaci\u00f3n econ\u00f3mica, por ejemplo, en Estados Unidos de Am\u00e9rica est\u00e1 sumamente regulado y desarrollado en cuanto a la accesibilidad para todas y todos, esto lo podemos explicar de manera muy f\u00e1cil ya que adem\u00e1s de ser un pa\u00eds desarrollado, tienen un alto n\u00famero de poblaci\u00f3n en situaci\u00f3n de discapacidad debido a dos factores principales, la alta expectativa de vida y los veteranos de guerra con alguna lesi\u00f3n grave.<\/p>\n\n\n\n<p>Centralizando la informaci\u00f3n en el Estado de Nuevo Le\u00f3n somos m\u00e1s de ochocientos mil personas las cuales vivimos con alguna discapacidad, lo que representa algo muy aproximado al quince por ciento de la poblaci\u00f3n. Es claro que en algunas edificaciones de reciente creaci\u00f3n podemos observar mayor presencia de accesos a ellos a trav\u00e9s de rampas y gu\u00edas podot\u00e1ctiles. Lo que si es muy obvio es que en las banquetas de casi cualquier colonia de la Capital del Estado es imposible transitar con una silla de ruedas, un bast\u00f3n, un andador o hasta una carriola para beb\u00e9s.<\/p>\n\n\n\n<p>No nos olvidemos que todos los ciudadanos mayores de 18 a\u00f1os al d\u00eda de la elecci\u00f3n tienen derecho a votar en las elecciones del pr\u00f3ximo a\u00f1o y dentro de este amplio n\u00famero de posibles votantes se encuentran no solo las personas con alguna discapacidad, sino tambi\u00e9n su familia y entorno cercano, con lo cual una pol\u00edtica p\u00fablica dirigida a \u00e9ste sector puede cambiar s\u00fabitamente los resultados de unas elecciones complicadas y muy cerradas como las que se avecinan, pero eso s\u00ed recuerda el viejo refr\u00e1n que dice que del dicho al hecho hay mucho trecho. Este 3 de diciembre se conmemora el D\u00eda Internacional de los Derechos de las Personas con Discapacidad por lo cual se organizar\u00e1 una marcha en el centro de la ciudad, por lo cual se est\u00e1 convocado a las 8:00am en la plaza a espaldas del Palacio de Gobierno. No olvides que me puedes encontrar en todas mis redes sociales como @ixtocmty<\/p>\n","protected":false},"excerpt":{"rendered":"<p>Ixtoc Hinojosa G\u00e1ndara Desde la firma y ratificaci\u00f3n en 2008 de la Convenci\u00f3n Internacional de los Derechos de las Personas con Discapacidad de la Organizaci\u00f3n de Naciones Unidas lo contenido en esta convenci\u00f3n es una obligaci\u00f3n para todos los Estados Parte, es decir se convierte en una obligaci\u00f3n para la Federaci\u00f3n, los Gobiernos estatales y [&hellip;]<\/p>\n","protected":false},"author":1,"featured_media":110082,"comment_status":"open","ping_status":"open","sticky":true,"template":"","format":"standard","meta":{"footnotes":""},"categories":[14,12],"tags":[],"_links":{"self":[{"href":"https:\/\/diariodigitalmx.com\/index.php\/wp-json\/wp\/v2\/posts\/110080"}],"collection":[{"href":"https:\/\/diariodigitalmx.com\/index.php\/wp-json\/wp\/v2\/posts"}],"about":[{"href":"https:\/\/diariodigitalmx.com\/index.php\/wp-json\/wp\/v2\/types\/post"}],"author":[{"embeddable":true,"href":"https:\/\/diariodigitalmx.com\/index.php\/wp-json\/wp\/v2\/users\/1"}],"replies":[{"embeddable":true,"href":"https:\/\/diariodigitalmx.com\/index.php\/wp-json\/wp\/v2\/comments?post=110080"}],"version-history":[{"count":1,"href":"https:\/\/diariodigitalmx.com\/index.php\/wp-json\/wp\/v2\/posts\/110080\/revisions"}],"predecessor-version":[{"id":110081,"href":"https:\/\/diariodigitalmx.com\/index.php\/wp-json\/wp\/v2\/posts\/110080\/revisions\/110081"}],"wp:featuredmedia":[{"embeddable":true,"href":"https:\/\/diariodigitalmx.com\/index.php\/wp-json\/wp\/v2\/media\/110082"}],"wp:attachment":[{"href":"https:\/\/diariodigitalmx.com\/index.php\/wp-json\/wp\/v2\/media?parent=110080"}],"wp:term":[{"taxonomy":"category","embeddable":true,"href":"https:\/\/diariodigitalmx.com\/index.php\/wp-json\/wp\/v2\/categories?post=110080"},{"taxonomy":"post_tag","embeddable":true,"href":"https:\/\/diariodigitalmx.com\/index.php\/wp-json\/wp\/v2\/tags?post=110080"}],"curies":[{"name":"wp","href":"https:\/\/api.w.org\/{rel}","templated":true}]}}