{"id":110111,"date":"2023-11-27T18:27:24","date_gmt":"2023-11-28T00:27:24","guid":{"rendered":"http:\/\/diariodigitalmx.com\/?p=110111"},"modified":"2023-11-27T18:28:55","modified_gmt":"2023-11-28T00:28:55","slug":"proponen-se-fernando-elizondo-como-interino-diputados-deben-tomarlo-en-cuenta","status":"publish","type":"post","link":"https:\/\/diariodigitalmx.com\/index.php\/2023\/11\/27\/proponen-se-fernando-elizondo-como-interino-diputados-deben-tomarlo-en-cuenta\/","title":{"rendered":"Proponen a Fernando Elizondo como interino; diputados deben tomarlo en cuenta"},"content":{"rendered":"\n<p>Proponen se Fernando Elizondo como interino; diputados deben tomarlo en cuenta<\/p>\n\n\n\n<p>Fernando Elizondo Barrag\u00e1n ser\u00eda un gobernador interino, conciliador, centrado, sin estridencias, que contribuir\u00eda sin duda alguna a la armon\u00eda entre los Poderes estatales, propuso Celso Lugo S\u00e1nchez, dirigente de la<br>Asociaci\u00f3n Profesional de Trabajadores Industriales del Estado de Nuevo Le\u00f3n.<\/p>\n\n\n\n<p>De acuerdo al dirigente sindical, Elizondo que supli\u00f3 a Fernando Canales Clariond como gobernador inte4ino entre enero y octubre de 2003, cuando se fue como secretario de Econom\u00eda al gobierno de Vicente Fox, califica al tambi\u00e9n ex senador &#8220;como un hombre bien centrado, que dar\u00eda prioridad al desarrollo de Nuevo Le\u00f3n, de los municipios y del estado de Derecho, al conciliar para la armon\u00eda entre los Poderes Judicial, Legislativo y Ejecutivo&#8221;.<\/p>\n\n\n\n<p>&#8220;Nuevo Le\u00f3n vive una historia in\u00e9dita, un enfrentamiento entre Poderes que requiere alcanzar la paz y la armon\u00eda, que frenan el desarrollo, y Fernando Elizondo tiene los atributos y la capacidad para enderezar ese entuerto&#8221;, agrega Lugo.<\/p>\n\n\n\n<p>Lugo S\u00e1nchez considera tambi\u00e9n que el Congreso local debe tomar en cuenta a Elizondo Barrag\u00e1n, quien al principio de la administraci\u00f3n fue parte del Consejo asesor de Samuel Garc\u00eda, y luego renunci\u00f3 cuando el gobernador anunci\u00f3 su deseo de ser candidato presidencial.<\/p>\n\n\n\n<p>Por otro lado, el dirigente acepta los cambios y avances tecnol\u00f3gicos y de comunicaci\u00f3n como es el caso de las redes sociales, pero se pronuncia por acelerar la capacitaci\u00f3n de los trabajadores para estar a la par en la productividad.<\/p>\n\n\n\n<p>&#8220;La preparaci\u00f3n y capacitaci\u00f3n debe ser permanente entre los trabajadores, que, afortunadamente lo han entendido y en su gran mayor\u00eda se preparan y adec\u00faan a los cambios y a la modernidad&#8221;.<\/p>\n","protected":false},"excerpt":{"rendered":"<p>Proponen se Fernando Elizondo como interino; diputados deben tomarlo en cuenta Fernando Elizondo Barrag\u00e1n ser\u00eda un gobernador interino, conciliador, centrado, sin estridencias, que contribuir\u00eda sin duda alguna a la armon\u00eda entre los Poderes estatales, propuso Celso Lugo S\u00e1nchez, dirigente de laAsociaci\u00f3n Profesional de Trabajadores Industriales del Estado de Nuevo Le\u00f3n. De acuerdo al dirigente sindical, [&hellip;]<\/p>\n","protected":false},"author":1,"featured_media":110113,"comment_status":"open","ping_status":"open","sticky":true,"template":"","format":"standard","meta":{"footnotes":""},"categories":[6,3],"tags":[],"_links":{"self":[{"href":"https:\/\/diariodigitalmx.com\/index.php\/wp-json\/wp\/v2\/posts\/110111"}],"collection":[{"href":"https:\/\/diariodigitalmx.com\/index.php\/wp-json\/wp\/v2\/posts"}],"about":[{"href":"https:\/\/diariodigitalmx.com\/index.php\/wp-json\/wp\/v2\/types\/post"}],"author":[{"embeddable":true,"href":"https:\/\/diariodigitalmx.com\/index.php\/wp-json\/wp\/v2\/users\/1"}],"replies":[{"embeddable":true,"href":"https:\/\/diariodigitalmx.com\/index.php\/wp-json\/wp\/v2\/comments?post=110111"}],"version-history":[{"count":2,"href":"https:\/\/diariodigitalmx.com\/index.php\/wp-json\/wp\/v2\/posts\/110111\/revisions"}],"predecessor-version":[{"id":110114,"href":"https:\/\/diariodigitalmx.com\/index.php\/wp-json\/wp\/v2\/posts\/110111\/revisions\/110114"}],"wp:featuredmedia":[{"embeddable":true,"href":"https:\/\/diariodigitalmx.com\/index.php\/wp-json\/wp\/v2\/media\/110113"}],"wp:attachment":[{"href":"https:\/\/diariodigitalmx.com\/index.php\/wp-json\/wp\/v2\/media?parent=110111"}],"wp:term":[{"taxonomy":"category","embeddable":true,"href":"https:\/\/diariodigitalmx.com\/index.php\/wp-json\/wp\/v2\/categories?post=110111"},{"taxonomy":"post_tag","embeddable":true,"href":"https:\/\/diariodigitalmx.com\/index.php\/wp-json\/wp\/v2\/tags?post=110111"}],"curies":[{"name":"wp","href":"https:\/\/api.w.org\/{rel}","templated":true}]}}