{"id":110133,"date":"2023-11-27T22:46:46","date_gmt":"2023-11-28T04:46:46","guid":{"rendered":"http:\/\/diariodigitalmx.com\/?p=110133"},"modified":"2023-11-27T22:49:50","modified_gmt":"2023-11-28T04:49:50","slug":"la-carretera-de-la-muertejorge-y-rodolfo-estan-desaparecidos","status":"publish","type":"post","link":"https:\/\/diariodigitalmx.com\/index.php\/2023\/11\/27\/la-carretera-de-la-muertejorge-y-rodolfo-estan-desaparecidos\/","title":{"rendered":"La carretera de la muerte; Jorge y Rodolfo est\u00e1n desaparecidos"},"content":{"rendered":"\n<p>Monterrey . &#8211; Jorge Morales Ram\u00edrez, de 61 a\u00f1os y Rodolfo (Fito) Salazar Rojas, de 52, salieron a trabajar rumbo a Laredo, Tamaulipas, pero desaparecieron en ka llamada carretera de la muerte, la Monterrey-Nuevo Laredo.<\/p>\n\n\n\n<p>Ambos trabajadores de la empresa Llanco, dedicada al ramo de las llantas salieron el 16 de noviembre para viajar a Nuevo Laredo, en misi\u00f3n de trabajo.<\/p>\n\n\n\n<p>Viajaron en un veh\u00edculo FIAT &#8216;Uno&#8217; 2018 color rojo con placas RMU-706-A propiedad de la empresa. Jorge sali\u00f3 en la unidad desde su casa en el municipio de Guadalupe y pas\u00f3 por Fito a la vecina Ju\u00e1rez, ambas de la zona metropolitana regia.<\/p>\n\n\n\n<figure class=\"wp-block-gallery has-nested-images columns-default is-cropped wp-block-gallery-1 is-layout-flex wp-block-gallery-is-layout-flex\">\n<figure class=\"wp-block-image size-large\"><img loading=\"lazy\" decoding=\"async\" width=\"768\" height=\"576\" data-id=\"110139\" src=\"http:\/\/diariodigitalmx.com\/wp-content\/uploads\/2023\/11\/f768x1-230937_231064_31.jpg\" alt=\"\" class=\"wp-image-110139\" srcset=\"https:\/\/diariodigitalmx.com\/wp-content\/uploads\/2023\/11\/f768x1-230937_231064_31.jpg 768w, https:\/\/diariodigitalmx.com\/wp-content\/uploads\/2023\/11\/f768x1-230937_231064_31-300x225.jpg 300w\" sizes=\"(max-width: 768px) 100vw, 768px\" \/><\/figure>\n\n\n\n<figure class=\"wp-block-image size-large\"><img loading=\"lazy\" decoding=\"async\" width=\"768\" height=\"576\" data-id=\"110138\" src=\"http:\/\/diariodigitalmx.com\/wp-content\/uploads\/2023\/11\/f768x1-230936_231063_31.jpg\" alt=\"\" class=\"wp-image-110138\" srcset=\"https:\/\/diariodigitalmx.com\/wp-content\/uploads\/2023\/11\/f768x1-230936_231063_31.jpg 768w, https:\/\/diariodigitalmx.com\/wp-content\/uploads\/2023\/11\/f768x1-230936_231063_31-300x225.jpg 300w\" sizes=\"(max-width: 768px) 100vw, 768px\" \/><\/figure>\n<\/figure>\n\n\n\n<p>Luego tomaron la autopista a Nuevo Laredo y las 07:36 de la ma\u00f1ana Jorge envio un mensaje de WhatsApp a su familia para decirles que hab\u00edan parado a almorzar en el restaurante El Rancho en el municipio de Vallecillo a unos 120 kil\u00f3metros al norte de Monterrey, y a unos 80 distantes de Nuevo Laredo.<\/p>\n\n\n\n<p>A las 07:42, Jorge dio un like en Facebook y desde entonces no tuvo m\u00e1s actividad.<\/p>\n\n\n\n<p>De acuerdo a la Fiscal\u00eda, el reporte del dispositivo electr\u00f3nico llamado TAG de peaje se\u00f1ala que a las 09:17 horas el veh\u00edculo cruz\u00f3 la caseta de cobro del tramo Nuevo Laredo Pinfra sin que hasta ahora la autoridad determine qui\u00e9n viajaba en el auto.<\/p>\n\n\n\n<p>Llanco report\u00f3 que ambos hombres nunca llegaron a su destino, a la sucursal de ls empresa en el 2540 de la calle Aer\u00f3dromo de la colonia Am\u00e9rica en Nuevo Laredo.<\/p>\n\n\n\n<p>La Fiscal\u00eda de Justicia de Nuevo Le\u00f3n ha difundido las fichas de desaparici\u00f3n y recibi\u00f3 la denuncia respectiva por parte de las familias que hicieron lo mismo en Tamaulipas.<\/p>\n\n\n\n<p>&#8220;Primeramente Dios en camino para Nuevo Laredo Tamaulipas, a chingarle (trabajar) con Jorge&#8221;, escribi\u00f3 Fito al pie de una selfie que subi\u00f3 a Facebook cuando iniciaban el viaje.<\/p>\n\n\n\n<p>Erika Hdz R, sobrina de Fito, escribe en su Facebook: &#8220;Pido de su apoyo para compartir<br>Es mi t\u00edo Fito Salazar quien viajaba hacia Laredo por cuestiones laborales, desapareci\u00f3 el jueves 16 de noviembre por la ma\u00f1ana, lo \u00faltimo que supimos fue que almorz\u00f3 junto con su compa\u00f1ero en el centro de sabinas hidalgo y el marcaje del carro en el que viajaban indica que pasaron la caseta de Nuevo Laredo, y es todo lo que sabemos, por favor ay\u00fademe a compartir y t\u00e9nganlo en sus oraciones para tener noticias pronto de el y que regrese con bien, de todo coraz\u00f3n se los agradezco&#8221;.<\/p>\n\n\n\n<p>La organizaci\u00f3n Fuerzas Unidos por Nuestros Desaparecidos dice que entre el 2022 y lo que va del presente a\u00f1o han sido reportadas como desaparecidas unas 80 personas en el tramo del kil\u00f3metro 26 de la carretera Monterrey-Nuevo Laredo.<\/p>\n","protected":false},"excerpt":{"rendered":"<p>Monterrey . &#8211; Jorge Morales Ram\u00edrez, de 61 a\u00f1os y Rodolfo (Fito) Salazar Rojas, de 52, salieron a trabajar rumbo a Laredo, Tamaulipas, pero desaparecieron en ka llamada carretera de la muerte, la Monterrey-Nuevo Laredo. Ambos trabajadores de la empresa Llanco, dedicada al ramo de las llantas salieron el 16 de noviembre para viajar a [&hellip;]<\/p>\n","protected":false},"author":1,"featured_media":110137,"comment_status":"open","ping_status":"open","sticky":true,"template":"","format":"standard","meta":{"footnotes":""},"categories":[6,3],"tags":[],"_links":{"self":[{"href":"https:\/\/diariodigitalmx.com\/index.php\/wp-json\/wp\/v2\/posts\/110133"}],"collection":[{"href":"https:\/\/diariodigitalmx.com\/index.php\/wp-json\/wp\/v2\/posts"}],"about":[{"href":"https:\/\/diariodigitalmx.com\/index.php\/wp-json\/wp\/v2\/types\/post"}],"author":[{"embeddable":true,"href":"https:\/\/diariodigitalmx.com\/index.php\/wp-json\/wp\/v2\/users\/1"}],"replies":[{"embeddable":true,"href":"https:\/\/diariodigitalmx.com\/index.php\/wp-json\/wp\/v2\/comments?post=110133"}],"version-history":[{"count":3,"href":"https:\/\/diariodigitalmx.com\/index.php\/wp-json\/wp\/v2\/posts\/110133\/revisions"}],"predecessor-version":[{"id":110140,"href":"https:\/\/diariodigitalmx.com\/index.php\/wp-json\/wp\/v2\/posts\/110133\/revisions\/110140"}],"wp:featuredmedia":[{"embeddable":true,"href":"https:\/\/diariodigitalmx.com\/index.php\/wp-json\/wp\/v2\/media\/110137"}],"wp:attachment":[{"href":"https:\/\/diariodigitalmx.com\/index.php\/wp-json\/wp\/v2\/media?parent=110133"}],"wp:term":[{"taxonomy":"category","embeddable":true,"href":"https:\/\/diariodigitalmx.com\/index.php\/wp-json\/wp\/v2\/categories?post=110133"},{"taxonomy":"post_tag","embeddable":true,"href":"https:\/\/diariodigitalmx.com\/index.php\/wp-json\/wp\/v2\/tags?post=110133"}],"curies":[{"name":"wp","href":"https:\/\/api.w.org\/{rel}","templated":true}]}}