{"id":110159,"date":"2023-11-28T09:48:24","date_gmt":"2023-11-28T15:48:24","guid":{"rendered":"http:\/\/diariodigitalmx.com\/?p=110159"},"modified":"2023-11-28T09:49:00","modified_gmt":"2023-11-28T15:49:00","slug":"servidores-publicos","status":"publish","type":"post","link":"https:\/\/diariodigitalmx.com\/index.php\/2023\/11\/28\/servidores-publicos\/","title":{"rendered":"Servidores p\u00fablicos"},"content":{"rendered":"\n<p>Ra\u00fal Guajardo Cant\u00fa<br>De un tiempo a la fecha el oficio de la pol\u00edtica se ha devaluado, anteriormente quien deseaba dedicarse a ella deb\u00eda pasar m\u00e1s o menos por un proceso de aprendizaje, no en las aulas, sino en tutela con alg\u00fan pol\u00edtico mayor o con alg\u00fan grupo pol\u00edtico.<br>Se pasaba desde el activismo de calle, pegar carteles, repartir volantes, cargar el malet\u00edn al jefe, ser su asistente y as\u00ed. Todo ello ten\u00eda una finalidad, se iba formando al individuo como en la antig\u00fcedad se formaba al aprendiz de cualquier oficio.<br>Hoy parece que eso no funciona, se trata de ser bien visto en redes sociales, de saber pronunciar dos o tres frases, de preferencia que rimen, ser considerado como un pol\u00edtico disruptivo o, de preferencia un outsider sin nexos con los del antiguo r\u00e9gimen.<br>Pero precisamente esa falta de formaci\u00f3n est\u00e1 cobrando su precio. Hoy los pol\u00edticos no saben hacer pol\u00edtica, quieren ser dictadores absolutos, cuya palabra sea ley, utilizan los aparatos del estado para doblegar a los que no piensan como ellos o a los que no \u201cles hacen caso\u201d.<br>No es privativo de M\u00e9xico, mucho menos de Nuevo Le\u00f3n, pero aqu\u00ed ejemplos sobran, tanto del gobierno estatal como por parte del Congreso. La muestra m\u00e1s reciente de la forma en que hoy se realiza la pol\u00edtica la tenemos en la aprobaci\u00f3n de las cuentas por parte de la Auditor\u00eda Superior del Estado, dependiente del Congreso y, obviamente, ligada a sus l\u00edderes, aprob\u00f3 al cien por ciento las cuentas de los municipios del ahora llamado prian y realiz\u00f3 observaciones a los gobiernos emanados del partido naranja.<br>Tal fue el desaseo que hasta una cr\u00edtica del gobierno actual, como lo es Liliana Flores Benavides se\u00f1al\u00f3 un uso faccioso de la ASE.<br>Pero ese es solo un bot\u00f3n de muestra, del otro lado hay todo un muestrario que nos ense\u00f1a lo que no se debe hacer, actuaciones que de alguna u otra forma rayan en el chantaje, como ese intento de negociar el presupuesto a cambio del nombramiento del gobernador interino, pasando por encima de las facultades constitucionales del Congreso local.<br>No, no se trata de volver al pasado, no decimos que antes est\u00e1bamos en el para\u00edso, pero por lo menos los pol\u00edticos hac\u00edan pol\u00edtica y no organizaban batallas campales como ahora, en donde, por cierto, el perdedor es el ciudadano.<br>Pero eso s\u00ed, ma\u00f1ana vuelven a pedirnos su confianza, aunque algunos ya comenzaron.<\/p>\n","protected":false},"excerpt":{"rendered":"<p>Ra\u00fal Guajardo Cant\u00faDe un tiempo a la fecha el oficio de la pol\u00edtica se ha devaluado, anteriormente quien deseaba dedicarse a ella deb\u00eda pasar m\u00e1s o menos por un proceso de aprendizaje, no en las aulas, sino en tutela con alg\u00fan pol\u00edtico mayor o con alg\u00fan grupo pol\u00edtico.Se pasaba desde el activismo de calle, pegar [&hellip;]<\/p>\n","protected":false},"author":1,"featured_media":110161,"comment_status":"open","ping_status":"open","sticky":true,"template":"","format":"standard","meta":{"footnotes":""},"categories":[14,12],"tags":[],"_links":{"self":[{"href":"https:\/\/diariodigitalmx.com\/index.php\/wp-json\/wp\/v2\/posts\/110159"}],"collection":[{"href":"https:\/\/diariodigitalmx.com\/index.php\/wp-json\/wp\/v2\/posts"}],"about":[{"href":"https:\/\/diariodigitalmx.com\/index.php\/wp-json\/wp\/v2\/types\/post"}],"author":[{"embeddable":true,"href":"https:\/\/diariodigitalmx.com\/index.php\/wp-json\/wp\/v2\/users\/1"}],"replies":[{"embeddable":true,"href":"https:\/\/diariodigitalmx.com\/index.php\/wp-json\/wp\/v2\/comments?post=110159"}],"version-history":[{"count":1,"href":"https:\/\/diariodigitalmx.com\/index.php\/wp-json\/wp\/v2\/posts\/110159\/revisions"}],"predecessor-version":[{"id":110160,"href":"https:\/\/diariodigitalmx.com\/index.php\/wp-json\/wp\/v2\/posts\/110159\/revisions\/110160"}],"wp:featuredmedia":[{"embeddable":true,"href":"https:\/\/diariodigitalmx.com\/index.php\/wp-json\/wp\/v2\/media\/110161"}],"wp:attachment":[{"href":"https:\/\/diariodigitalmx.com\/index.php\/wp-json\/wp\/v2\/media?parent=110159"}],"wp:term":[{"taxonomy":"category","embeddable":true,"href":"https:\/\/diariodigitalmx.com\/index.php\/wp-json\/wp\/v2\/categories?post=110159"},{"taxonomy":"post_tag","embeddable":true,"href":"https:\/\/diariodigitalmx.com\/index.php\/wp-json\/wp\/v2\/tags?post=110159"}],"curies":[{"name":"wp","href":"https:\/\/api.w.org\/{rel}","templated":true}]}}