{"id":1102,"date":"2019-03-12T15:17:40","date_gmt":"2019-03-12T21:17:40","guid":{"rendered":"http:\/\/diariodigitalmx.com\/?p=1102"},"modified":"2019-03-12T15:17:41","modified_gmt":"2019-03-12T21:17:41","slug":"lleva-apodaca-prevencion-a-ninos","status":"publish","type":"post","link":"https:\/\/diariodigitalmx.com\/index.php\/2019\/03\/12\/lleva-apodaca-prevencion-a-ninos\/","title":{"rendered":"Lleva Apodaca prevenci\u00f3n a ni\u00f1os"},"content":{"rendered":"\n<p>Al ser la prevenci\u00f3n social uno de los ejes fundamentales para el desarrollo de &nbsp;Apodaca, por instrucciones del Alcalde C\u00e9sar Garza Villarreal, la Secretar\u00eda de Prevenci\u00f3n Social brinda un manual de autoprotecci\u00f3n a los alumnos de nivel Preescolar.<\/p>\n\n\n\n<p>Por primera vez, personal de esta dependencia ha estado acudiendo a los jardines de ni\u00f1os con la principal tarea de promover que la prevenci\u00f3n de la violencia, se hace desde casa.<\/p>\n\n\n\n<p>A petici\u00f3n de los padres de familia y con la autorizaci\u00f3n de los directivos de los planteles, se brindan pl\u00e1ticas y talleres en los que se refuerzan las medidas de autoprotecci\u00f3n a los menores.<\/p>\n\n\n\n<p>Entre las medidas que se brindan est\u00e1 el autocuidado en situaciones de emergencia, en la v\u00eda p\u00fablica y en el hogar.<\/p>\n\n\n\n<p>Actualmente se han atendido alrededor de 20 planteles escuelas.<\/p>\n\n\n\n<ul class=\"wp-block-gallery columns-2 is-cropped wp-block-gallery-1 is-layout-flex wp-block-gallery-is-layout-flex\"><li class=\"blocks-gallery-item\"><figure><img loading=\"lazy\" decoding=\"async\" width=\"1024\" height=\"683\" src=\"http:\/\/diariodigitalmx.com\/wp-content\/uploads\/2019\/03\/thumbnail-2-12-1024x683.jpg\" alt=\"\" data-id=\"1104\" data-link=\"http:\/\/diariodigitalmx.com\/?attachment_id=1104\" class=\"wp-image-1104\" srcset=\"https:\/\/diariodigitalmx.com\/wp-content\/uploads\/2019\/03\/thumbnail-2-12-1024x683.jpg 1024w, https:\/\/diariodigitalmx.com\/wp-content\/uploads\/2019\/03\/thumbnail-2-12-300x200.jpg 300w, https:\/\/diariodigitalmx.com\/wp-content\/uploads\/2019\/03\/thumbnail-2-12-768x512.jpg 768w, https:\/\/diariodigitalmx.com\/wp-content\/uploads\/2019\/03\/thumbnail-2-12.jpg 1080w\" sizes=\"(max-width: 1024px) 100vw, 1024px\" \/><\/figure><\/li><li class=\"blocks-gallery-item\"><figure><img loading=\"lazy\" decoding=\"async\" width=\"1024\" height=\"683\" src=\"http:\/\/diariodigitalmx.com\/wp-content\/uploads\/2019\/03\/thumbnail-18-1024x683.jpg\" alt=\"\" data-id=\"1105\" data-link=\"http:\/\/diariodigitalmx.com\/?attachment_id=1105\" class=\"wp-image-1105\" srcset=\"https:\/\/diariodigitalmx.com\/wp-content\/uploads\/2019\/03\/thumbnail-18-1024x683.jpg 1024w, https:\/\/diariodigitalmx.com\/wp-content\/uploads\/2019\/03\/thumbnail-18-300x200.jpg 300w, https:\/\/diariodigitalmx.com\/wp-content\/uploads\/2019\/03\/thumbnail-18-768x512.jpg 768w, https:\/\/diariodigitalmx.com\/wp-content\/uploads\/2019\/03\/thumbnail-18.jpg 1080w\" sizes=\"(max-width: 1024px) 100vw, 1024px\" \/><\/figure><\/li><\/ul>\n","protected":false},"excerpt":{"rendered":"<p>Al ser la prevenci\u00f3n social uno de los ejes fundamentales para el desarrollo de &nbsp;Apodaca, por instrucciones del Alcalde C\u00e9sar Garza Villarreal, la Secretar\u00eda de Prevenci\u00f3n Social brinda un manual de autoprotecci\u00f3n a los alumnos de nivel Preescolar. Por primera vez, personal de esta dependencia ha estado acudiendo a los jardines de ni\u00f1os con la [&hellip;]<\/p>\n","protected":false},"author":1,"featured_media":1103,"comment_status":"open","ping_status":"open","sticky":true,"template":"","format":"standard","meta":{"footnotes":""},"categories":[6,1],"tags":[],"_links":{"self":[{"href":"https:\/\/diariodigitalmx.com\/index.php\/wp-json\/wp\/v2\/posts\/1102"}],"collection":[{"href":"https:\/\/diariodigitalmx.com\/index.php\/wp-json\/wp\/v2\/posts"}],"about":[{"href":"https:\/\/diariodigitalmx.com\/index.php\/wp-json\/wp\/v2\/types\/post"}],"author":[{"embeddable":true,"href":"https:\/\/diariodigitalmx.com\/index.php\/wp-json\/wp\/v2\/users\/1"}],"replies":[{"embeddable":true,"href":"https:\/\/diariodigitalmx.com\/index.php\/wp-json\/wp\/v2\/comments?post=1102"}],"version-history":[{"count":1,"href":"https:\/\/diariodigitalmx.com\/index.php\/wp-json\/wp\/v2\/posts\/1102\/revisions"}],"predecessor-version":[{"id":1106,"href":"https:\/\/diariodigitalmx.com\/index.php\/wp-json\/wp\/v2\/posts\/1102\/revisions\/1106"}],"wp:featuredmedia":[{"embeddable":true,"href":"https:\/\/diariodigitalmx.com\/index.php\/wp-json\/wp\/v2\/media\/1103"}],"wp:attachment":[{"href":"https:\/\/diariodigitalmx.com\/index.php\/wp-json\/wp\/v2\/media?parent=1102"}],"wp:term":[{"taxonomy":"category","embeddable":true,"href":"https:\/\/diariodigitalmx.com\/index.php\/wp-json\/wp\/v2\/categories?post=1102"},{"taxonomy":"post_tag","embeddable":true,"href":"https:\/\/diariodigitalmx.com\/index.php\/wp-json\/wp\/v2\/tags?post=1102"}],"curies":[{"name":"wp","href":"https:\/\/api.w.org\/{rel}","templated":true}]}}