{"id":110224,"date":"2023-11-28T23:08:50","date_gmt":"2023-11-29T05:08:50","guid":{"rendered":"http:\/\/diariodigitalmx.com\/?p=110224"},"modified":"2023-11-28T23:10:00","modified_gmt":"2023-11-29T05:10:00","slug":"actua-el-pueblo-amarran-a-funcionario-de-gobierno-a-un-poste","status":"publish","type":"post","link":"https:\/\/diariodigitalmx.com\/index.php\/2023\/11\/28\/actua-el-pueblo-amarran-a-funcionario-de-gobierno-a-un-poste\/","title":{"rendered":"Act\u00faa el pueblo, amarran a funcionario de gobierno a un poste"},"content":{"rendered":"\n<figure class=\"wp-block-image size-large\"><img loading=\"lazy\" decoding=\"async\" width=\"950\" height=\"1024\" src=\"http:\/\/diariodigitalmx.com\/wp-content\/uploads\/2023\/11\/IMG-20231128-WA0167-950x1024.jpg\" alt=\"\" class=\"wp-image-110227\" srcset=\"https:\/\/diariodigitalmx.com\/wp-content\/uploads\/2023\/11\/IMG-20231128-WA0167-950x1024.jpg 950w, https:\/\/diariodigitalmx.com\/wp-content\/uploads\/2023\/11\/IMG-20231128-WA0167-278x300.jpg 278w, https:\/\/diariodigitalmx.com\/wp-content\/uploads\/2023\/11\/IMG-20231128-WA0167-768x828.jpg 768w, https:\/\/diariodigitalmx.com\/wp-content\/uploads\/2023\/11\/IMG-20231128-WA0167.jpg 1081w\" sizes=\"(max-width: 950px) 100vw, 950px\" \/><\/figure>\n\n\n\n<p>Oaxaca .- El subsecretario de Gobierno de Oaxaca, Edgar Gandarillas fue amarrado a un poste por varias horas cuando intent\u00f3 negociar con el grupo de habitantes manifestantes de San Lorenzo Albarradas, que han protestado en la capital oaxaque\u00f1a.<\/p>\n\n\n\n<p>Gandarillas hab\u00eda sido enviado a negociar con el grupo de pobladores, pero fue maniatado y conducido, por varios hombres con palos, hacia uno de los postes en donde lo dejaron amarrado bajo el sol por varias horas.<\/p>\n\n\n\n<p>Desde la ma\u00f1ana del martes los manifestantes causaron actos vand\u00e1licos en los complejos gubernamentales Ciudad Administrativa y Ciudad Judicial.<\/p>\n\n\n\n<p>El pasado 22 de noviembre el funcionario protagoniz\u00f3 un zafarrancho en el acceso del palacio de gobierno, entre integrantes de la Coalici\u00f3n de Organizaciones Plurales en Alianza (Copal) y guardias de seguridad, cuando fue acusado de dar un trato prepotente.<\/p>\n","protected":false},"excerpt":{"rendered":"<p>Oaxaca .- El subsecretario de Gobierno de Oaxaca, Edgar Gandarillas fue amarrado a un poste por varias horas cuando intent\u00f3 negociar con el grupo de habitantes manifestantes de San Lorenzo Albarradas, que han protestado en la capital oaxaque\u00f1a. Gandarillas hab\u00eda sido enviado a negociar con el grupo de pobladores, pero fue maniatado y conducido, por [&hellip;]<\/p>\n","protected":false},"author":1,"featured_media":110226,"comment_status":"open","ping_status":"open","sticky":true,"template":"","format":"standard","meta":{"footnotes":""},"categories":[14,2],"tags":[],"_links":{"self":[{"href":"https:\/\/diariodigitalmx.com\/index.php\/wp-json\/wp\/v2\/posts\/110224"}],"collection":[{"href":"https:\/\/diariodigitalmx.com\/index.php\/wp-json\/wp\/v2\/posts"}],"about":[{"href":"https:\/\/diariodigitalmx.com\/index.php\/wp-json\/wp\/v2\/types\/post"}],"author":[{"embeddable":true,"href":"https:\/\/diariodigitalmx.com\/index.php\/wp-json\/wp\/v2\/users\/1"}],"replies":[{"embeddable":true,"href":"https:\/\/diariodigitalmx.com\/index.php\/wp-json\/wp\/v2\/comments?post=110224"}],"version-history":[{"count":2,"href":"https:\/\/diariodigitalmx.com\/index.php\/wp-json\/wp\/v2\/posts\/110224\/revisions"}],"predecessor-version":[{"id":110229,"href":"https:\/\/diariodigitalmx.com\/index.php\/wp-json\/wp\/v2\/posts\/110224\/revisions\/110229"}],"wp:featuredmedia":[{"embeddable":true,"href":"https:\/\/diariodigitalmx.com\/index.php\/wp-json\/wp\/v2\/media\/110226"}],"wp:attachment":[{"href":"https:\/\/diariodigitalmx.com\/index.php\/wp-json\/wp\/v2\/media?parent=110224"}],"wp:term":[{"taxonomy":"category","embeddable":true,"href":"https:\/\/diariodigitalmx.com\/index.php\/wp-json\/wp\/v2\/categories?post=110224"},{"taxonomy":"post_tag","embeddable":true,"href":"https:\/\/diariodigitalmx.com\/index.php\/wp-json\/wp\/v2\/tags?post=110224"}],"curies":[{"name":"wp","href":"https:\/\/api.w.org\/{rel}","templated":true}]}}