{"id":110246,"date":"2023-11-29T12:42:41","date_gmt":"2023-11-29T18:42:41","guid":{"rendered":"http:\/\/diariodigitalmx.com\/?p=110246"},"modified":"2023-11-29T12:43:21","modified_gmt":"2023-11-29T18:43:21","slug":"la-suspension-la-otorgo-un-juez-laboral-de-cdmx","status":"publish","type":"post","link":"https:\/\/diariodigitalmx.com\/index.php\/2023\/11\/29\/la-suspension-la-otorgo-un-juez-laboral-de-cdmx\/","title":{"rendered":"La suspensi\u00f3n la otorg\u00f3 un juez laboral de CDMX"},"content":{"rendered":"\n<p><br>Monterrey . &#8211; La resoluci\u00f3n para que el Congreso local designe a gobernador interino de Nuevo Le\u00f3n emanado de Movimiento Ciudadano, la otorg\u00f3 un juez laboral de la Ciudad de M\u00e9xico.<\/p>\n\n\n\n<p>Se trata del Juez Tercero de Distrito en Materia de Trabajo de la Ciudad de M\u00e9xico, Gabriel Dom\u00ednguez Barrios, quien otorg\u00f3 la suspensi\u00f3n provisional al secretario general de Gobierno de Nuevo Le\u00f3n, Javier Navarro.<\/p>\n\n\n\n<p>De esta manera, seg\u00fan el juez laboral, Javier Navarro debe quedar como encargado de despacho hasta que el Congreso designe al Gobernador Interino en las condiciones previamente establecidas.<\/p>\n\n\n\n<p>El juez hace una interpretaci\u00f3n de<br>la Sala Superior del Tribunal Electoral del Poder Judicial de la Federaci\u00f3n (Trife) que determin\u00f3 que el Congreso local debe designar gobernador interino.<\/p>\n\n\n\n<p>En este sentido, el juez laboral se refiere a puntos que los magistrados tocaron en su sesi\u00f3n pero que no se incluyeron en la sentencia.<\/p>\n\n\n\n<p>&#8220;(Que) se realice la designaci\u00f3n del Gobernador Interino en cumplimiento (\u2026) de la sentencia del Tribunal Electoral del Poder Judicial de la Federaci\u00f3n a fin de salvaguardar el equilibrio y consenso -acuerdo o conformidad en algo de todas las personas que pertenecen a una colectividad, es decir, una decisi\u00f3n un\u00e1nime y no por mayor\u00eda- esto cumpliendo la obligaci\u00f3n constitucional de respetar el sistema democr\u00e1tico&#8221;, duce el juez.<\/p>\n\n\n\n<p>&#8220;(Que) se respete la decisi\u00f3n popular del electorado, eligiendo una persona del partido pol\u00edtico Movimiento Ciudadano para que contin\u00fae el programa de gobierno que representa el titular del Ejecutivo del estado de Nuevo Le\u00f3n&#8221;, a\u00f1ade.<\/p>\n\n\n\n<p>La suspensi\u00f3n fue emitida el 28 de noviembre.<\/p>\n","protected":false},"excerpt":{"rendered":"<p>Monterrey . &#8211; La resoluci\u00f3n para que el Congreso local designe a gobernador interino de Nuevo Le\u00f3n emanado de Movimiento Ciudadano, la otorg\u00f3 un juez laboral de la Ciudad de M\u00e9xico. Se trata del Juez Tercero de Distrito en Materia de Trabajo de la Ciudad de M\u00e9xico, Gabriel Dom\u00ednguez Barrios, quien otorg\u00f3 la suspensi\u00f3n provisional [&hellip;]<\/p>\n","protected":false},"author":1,"featured_media":110248,"comment_status":"open","ping_status":"open","sticky":true,"template":"","format":"standard","meta":{"footnotes":""},"categories":[6,3],"tags":[],"_links":{"self":[{"href":"https:\/\/diariodigitalmx.com\/index.php\/wp-json\/wp\/v2\/posts\/110246"}],"collection":[{"href":"https:\/\/diariodigitalmx.com\/index.php\/wp-json\/wp\/v2\/posts"}],"about":[{"href":"https:\/\/diariodigitalmx.com\/index.php\/wp-json\/wp\/v2\/types\/post"}],"author":[{"embeddable":true,"href":"https:\/\/diariodigitalmx.com\/index.php\/wp-json\/wp\/v2\/users\/1"}],"replies":[{"embeddable":true,"href":"https:\/\/diariodigitalmx.com\/index.php\/wp-json\/wp\/v2\/comments?post=110246"}],"version-history":[{"count":1,"href":"https:\/\/diariodigitalmx.com\/index.php\/wp-json\/wp\/v2\/posts\/110246\/revisions"}],"predecessor-version":[{"id":110247,"href":"https:\/\/diariodigitalmx.com\/index.php\/wp-json\/wp\/v2\/posts\/110246\/revisions\/110247"}],"wp:featuredmedia":[{"embeddable":true,"href":"https:\/\/diariodigitalmx.com\/index.php\/wp-json\/wp\/v2\/media\/110248"}],"wp:attachment":[{"href":"https:\/\/diariodigitalmx.com\/index.php\/wp-json\/wp\/v2\/media?parent=110246"}],"wp:term":[{"taxonomy":"category","embeddable":true,"href":"https:\/\/diariodigitalmx.com\/index.php\/wp-json\/wp\/v2\/categories?post=110246"},{"taxonomy":"post_tag","embeddable":true,"href":"https:\/\/diariodigitalmx.com\/index.php\/wp-json\/wp\/v2\/tags?post=110246"}],"curies":[{"name":"wp","href":"https:\/\/api.w.org\/{rel}","templated":true}]}}