{"id":110256,"date":"2023-11-29T13:57:29","date_gmt":"2023-11-29T19:57:29","guid":{"rendered":"http:\/\/diariodigitalmx.com\/?p=110256"},"modified":"2023-11-29T13:58:09","modified_gmt":"2023-11-29T19:58:09","slug":"asi-preve-banxico-crecimiento-economico-de-mexico","status":"publish","type":"post","link":"https:\/\/diariodigitalmx.com\/index.php\/2023\/11\/29\/asi-preve-banxico-crecimiento-economico-de-mexico\/","title":{"rendered":"As\u00ed prev\u00e9 Banxico crecimiento econ\u00f3mico de M\u00e9xico"},"content":{"rendered":"\n<p>El Banco de M\u00e9xico elev\u00f3 de tres a 3.3 por ciento su perspectiva de crecimiento para M\u00e9xico en 2023.<\/p>\n\n\n\n<p>Aunque advirti\u00f3 que el panorama de largo plazo a\u00fan presenta varios desaf\u00edos, para 2024, Banxico tambi\u00e9n elev\u00f3 de 2.1 a tres por ciento su pron\u00f3stico para el Producto Interno Bruto (PIB).<\/p>\n\n\n\n<p>Los pron\u00f3sticos para 2023 son<br>derivado de un mejor comportamiento de la econom\u00eda, principalmente por la demanda externa y el gasto interno.<\/p>\n\n\n\n<p>Banxico considera en los pr\u00f3ximos meses, riesgos para el crecimiento del pa\u00eds y que haya una menor demanda externa, particularmente de Estados Unidos, al igual que nuevas afectaciones al comercio internacional.<\/p>\n\n\n\n<p>Advirti\u00f3 el banco central que el PIB podr\u00eda ralentizarse si el gasto p\u00fablico da un menor impulso a lo esperado o que haya m\u00e1s fen\u00f3menos meteorol\u00f3gicos que impacten algunas regiones del pa\u00eds, como sucedi\u00f3 con Otis en Guerrero.<\/p>\n","protected":false},"excerpt":{"rendered":"<p>El Banco de M\u00e9xico elev\u00f3 de tres a 3.3 por ciento su perspectiva de crecimiento para M\u00e9xico en 2023. Aunque advirti\u00f3 que el panorama de largo plazo a\u00fan presenta varios desaf\u00edos, para 2024, Banxico tambi\u00e9n elev\u00f3 de 2.1 a tres por ciento su pron\u00f3stico para el Producto Interno Bruto (PIB). Los pron\u00f3sticos para 2023 sonderivado [&hellip;]<\/p>\n","protected":false},"author":1,"featured_media":110258,"comment_status":"open","ping_status":"open","sticky":true,"template":"","format":"standard","meta":{"footnotes":""},"categories":[14,10],"tags":[],"_links":{"self":[{"href":"https:\/\/diariodigitalmx.com\/index.php\/wp-json\/wp\/v2\/posts\/110256"}],"collection":[{"href":"https:\/\/diariodigitalmx.com\/index.php\/wp-json\/wp\/v2\/posts"}],"about":[{"href":"https:\/\/diariodigitalmx.com\/index.php\/wp-json\/wp\/v2\/types\/post"}],"author":[{"embeddable":true,"href":"https:\/\/diariodigitalmx.com\/index.php\/wp-json\/wp\/v2\/users\/1"}],"replies":[{"embeddable":true,"href":"https:\/\/diariodigitalmx.com\/index.php\/wp-json\/wp\/v2\/comments?post=110256"}],"version-history":[{"count":1,"href":"https:\/\/diariodigitalmx.com\/index.php\/wp-json\/wp\/v2\/posts\/110256\/revisions"}],"predecessor-version":[{"id":110257,"href":"https:\/\/diariodigitalmx.com\/index.php\/wp-json\/wp\/v2\/posts\/110256\/revisions\/110257"}],"wp:featuredmedia":[{"embeddable":true,"href":"https:\/\/diariodigitalmx.com\/index.php\/wp-json\/wp\/v2\/media\/110258"}],"wp:attachment":[{"href":"https:\/\/diariodigitalmx.com\/index.php\/wp-json\/wp\/v2\/media?parent=110256"}],"wp:term":[{"taxonomy":"category","embeddable":true,"href":"https:\/\/diariodigitalmx.com\/index.php\/wp-json\/wp\/v2\/categories?post=110256"},{"taxonomy":"post_tag","embeddable":true,"href":"https:\/\/diariodigitalmx.com\/index.php\/wp-json\/wp\/v2\/tags?post=110256"}],"curies":[{"name":"wp","href":"https:\/\/api.w.org\/{rel}","templated":true}]}}