{"id":110259,"date":"2023-11-29T17:06:18","date_gmt":"2023-11-29T23:06:18","guid":{"rendered":"http:\/\/diariodigitalmx.com\/?p=110259"},"modified":"2023-11-29T17:06:49","modified_gmt":"2023-11-29T23:06:49","slug":"crisis-politica-en-nl-propone-mc-gobernadora","status":"publish","type":"post","link":"https:\/\/diariodigitalmx.com\/index.php\/2023\/11\/29\/crisis-politica-en-nl-propone-mc-gobernadora\/","title":{"rendered":"Crisis politica en NL; propone MC gobernadora"},"content":{"rendered":"\n<p>Monterrey. &#8211; En una ampliaci\u00f3n a la tercia original, el Grupo Legislativo de Movimiento Ciudadano present\u00f3 un escrito ante Oficial\u00eda de Partes del Congreso del Estado para solicitar que Martha Herrera, Secretaria de Igualdad e Inclusi\u00f3n, sea considerada como gobernadora interina.<\/p>\n\n\n\n<p>Fue firmado por Eduardo Gaona y Sandra P\u00e1manes, Coordinador y Vicecoordinadora de la Bancada Naranja, respectivamente, y, exigieron al PRIAN que se respete la suspensi\u00f3n emitida por el Tribunal Electoral del Poder Judicial de la Federaci\u00f3n para que el interino o interina sea designada bajo el criterio de unanimidad y respetando la voluntad popular.<\/p>\n\n\n\n<p>La propuesta se suma a la que ya hizo MC con los perfiles de Javier Navarro, Hern\u00e1n Villarreal e Iv\u00e1n Rivas, Secretario General de Gobierno, Secretario de Movilidad y Secretario de Econom\u00eda, respectivamente.<\/p>\n","protected":false},"excerpt":{"rendered":"<p>Monterrey. &#8211; En una ampliaci\u00f3n a la tercia original, el Grupo Legislativo de Movimiento Ciudadano present\u00f3 un escrito ante Oficial\u00eda de Partes del Congreso del Estado para solicitar que Martha Herrera, Secretaria de Igualdad e Inclusi\u00f3n, sea considerada como gobernadora interina. Fue firmado por Eduardo Gaona y Sandra P\u00e1manes, Coordinador y Vicecoordinadora de la Bancada [&hellip;]<\/p>\n","protected":false},"author":1,"featured_media":110261,"comment_status":"open","ping_status":"open","sticky":true,"template":"","format":"standard","meta":{"footnotes":""},"categories":[14,6],"tags":[],"_links":{"self":[{"href":"https:\/\/diariodigitalmx.com\/index.php\/wp-json\/wp\/v2\/posts\/110259"}],"collection":[{"href":"https:\/\/diariodigitalmx.com\/index.php\/wp-json\/wp\/v2\/posts"}],"about":[{"href":"https:\/\/diariodigitalmx.com\/index.php\/wp-json\/wp\/v2\/types\/post"}],"author":[{"embeddable":true,"href":"https:\/\/diariodigitalmx.com\/index.php\/wp-json\/wp\/v2\/users\/1"}],"replies":[{"embeddable":true,"href":"https:\/\/diariodigitalmx.com\/index.php\/wp-json\/wp\/v2\/comments?post=110259"}],"version-history":[{"count":1,"href":"https:\/\/diariodigitalmx.com\/index.php\/wp-json\/wp\/v2\/posts\/110259\/revisions"}],"predecessor-version":[{"id":110260,"href":"https:\/\/diariodigitalmx.com\/index.php\/wp-json\/wp\/v2\/posts\/110259\/revisions\/110260"}],"wp:featuredmedia":[{"embeddable":true,"href":"https:\/\/diariodigitalmx.com\/index.php\/wp-json\/wp\/v2\/media\/110261"}],"wp:attachment":[{"href":"https:\/\/diariodigitalmx.com\/index.php\/wp-json\/wp\/v2\/media?parent=110259"}],"wp:term":[{"taxonomy":"category","embeddable":true,"href":"https:\/\/diariodigitalmx.com\/index.php\/wp-json\/wp\/v2\/categories?post=110259"},{"taxonomy":"post_tag","embeddable":true,"href":"https:\/\/diariodigitalmx.com\/index.php\/wp-json\/wp\/v2\/tags?post=110259"}],"curies":[{"name":"wp","href":"https:\/\/api.w.org\/{rel}","templated":true}]}}