{"id":110265,"date":"2023-11-29T19:29:33","date_gmt":"2023-11-30T01:29:33","guid":{"rendered":"http:\/\/diariodigitalmx.com\/?p=110265"},"modified":"2023-11-29T19:34:07","modified_gmt":"2023-11-30T01:34:07","slug":"irrumpen-en-congreso-de-nl-seguidores-de-mc","status":"publish","type":"post","link":"https:\/\/diariodigitalmx.com\/index.php\/2023\/11\/29\/irrumpen-en-congreso-de-nl-seguidores-de-mc\/","title":{"rendered":"Irrumpen en Congreso de NL seguidores de MC"},"content":{"rendered":"\n<figure class=\"wp-block-video\"><video controls src=\"http:\/\/diariodigitalmx.com\/wp-content\/uploads\/2023\/11\/FDownloader.net-1031004681468276-480p.mp4\"><\/video><\/figure>\n\n\n\n<p>Monterrey . &#8211; Grupos presuntamente simpatizantes de Movimiento Ciudadano irrumpieron y dieron portazo en el Congreso en la sala principal para reprochar a los diputados del PRIAN que no elijan un gobernador interino de ese partido.<\/p>\n\n\n\n<p>Mediante la fuerza abrieron la pesada puerta que da a la sala de sesiones en donde los diputados ve\u00edan otros temas y esperaban la decisi\u00f3n de la Comisi\u00f3n de Gobernaci\u00f3n que analiza una lista de 23 personas propuestas para suplir a Samuel Garc\u00eda en su interinato.<\/p>\n\n\n\n<p>Al grito de &#8220;fuera el PRIAN&#8221;, &#8220;vendidos&#8221; y &#8220;corruptos&#8221;, entraron en donde est\u00e1n las curules y la mesa directiva y luego ocuparon las galer\u00edas donde siguieron con sus arengas.<\/p>\n\n\n\n<p>Los diputados de Movimiento Ciudadano rechazaron que sea gente de ellos, y que tampoco los llevaron.<\/p>\n\n\n\n<p>Entre los grupos se observ\u00f3 a personas ciudadanos que est\u00e1n ligados a MC en el municipio de San Nicol\u00e1s de los Garza, los que emigraron a Movimiento Ciudadano.<\/p>\n","protected":false},"excerpt":{"rendered":"<p>Monterrey . &#8211; Grupos presuntamente simpatizantes de Movimiento Ciudadano irrumpieron y dieron portazo en el Congreso en la sala principal para reprochar a los diputados del PRIAN que no elijan un gobernador interino de ese partido. Mediante la fuerza abrieron la pesada puerta que da a la sala de sesiones en donde los diputados ve\u00edan [&hellip;]<\/p>\n","protected":false},"author":1,"featured_media":110267,"comment_status":"open","ping_status":"open","sticky":true,"template":"","format":"standard","meta":{"footnotes":""},"categories":[6,3],"tags":[],"_links":{"self":[{"href":"https:\/\/diariodigitalmx.com\/index.php\/wp-json\/wp\/v2\/posts\/110265"}],"collection":[{"href":"https:\/\/diariodigitalmx.com\/index.php\/wp-json\/wp\/v2\/posts"}],"about":[{"href":"https:\/\/diariodigitalmx.com\/index.php\/wp-json\/wp\/v2\/types\/post"}],"author":[{"embeddable":true,"href":"https:\/\/diariodigitalmx.com\/index.php\/wp-json\/wp\/v2\/users\/1"}],"replies":[{"embeddable":true,"href":"https:\/\/diariodigitalmx.com\/index.php\/wp-json\/wp\/v2\/comments?post=110265"}],"version-history":[{"count":2,"href":"https:\/\/diariodigitalmx.com\/index.php\/wp-json\/wp\/v2\/posts\/110265\/revisions"}],"predecessor-version":[{"id":110270,"href":"https:\/\/diariodigitalmx.com\/index.php\/wp-json\/wp\/v2\/posts\/110265\/revisions\/110270"}],"wp:featuredmedia":[{"embeddable":true,"href":"https:\/\/diariodigitalmx.com\/index.php\/wp-json\/wp\/v2\/media\/110267"}],"wp:attachment":[{"href":"https:\/\/diariodigitalmx.com\/index.php\/wp-json\/wp\/v2\/media?parent=110265"}],"wp:term":[{"taxonomy":"category","embeddable":true,"href":"https:\/\/diariodigitalmx.com\/index.php\/wp-json\/wp\/v2\/categories?post=110265"},{"taxonomy":"post_tag","embeddable":true,"href":"https:\/\/diariodigitalmx.com\/index.php\/wp-json\/wp\/v2\/tags?post=110265"}],"curies":[{"name":"wp","href":"https:\/\/api.w.org\/{rel}","templated":true}]}}