{"id":110287,"date":"2023-11-30T00:01:43","date_gmt":"2023-11-30T06:01:43","guid":{"rendered":"http:\/\/diariodigitalmx.com\/?p=110287"},"modified":"2023-11-30T00:02:14","modified_gmt":"2023-11-30T06:02:14","slug":"barrio-la-piedra","status":"publish","type":"post","link":"https:\/\/diariodigitalmx.com\/index.php\/2023\/11\/30\/barrio-la-piedra\/","title":{"rendered":"Barrio La Piedra"},"content":{"rendered":"\n<p>Gerson G\u00f3mez Salas <\/p>\n\n\n\n<p>Crecimos en una zona fabril y trabajadora. Impregnada de leyendas. Nuestros vecinos ganaban la vida de distintas maneras. Hubo quienes, en sus casas de madera, cocinaban barbacoa. Todos los d\u00edas se acababa temprano su producto.<\/p>\n\n\n\n<p>En las principales esquinas de las avenidas, con sus triciclos, ofertaban el producto a los marchantes.<\/p>\n\n\n\n<p>Frente a casa, el mec\u00e1nico de la zona, oculto tras los anteojos m\u00e1s gruesos del universo. Casi pod\u00eda ver el futuro. Lo acompa\u00f1aban sus fieles perros. Una mezcla de estopa peluda y grasa pegada en sus pieles.<\/p>\n\n\n\n<p>La leyenda de La Piedra, del monolito donde las parejas juveniles se reun\u00edan para los primeros escarceos sentimentales. Sacada de la laguna de Cementos Mexicanos, dec\u00edan como algunos incautos, hasta ah\u00ed hab\u00edan llegado con la mole.<\/p>\n\n\n\n<p>Vecinos brillantes, todos. Muy com\u00fan encontrar a Ramiro Delgado, tecladista de Bronco, beber un refresco con los cuates. El Latin Lover, triunfador de tantas transmisiones televisivas, puso el negocio de su vida,<\/p>\n\n\n\n<p>El primer comercio de los Tacos Leal por la misma acera. A nosotros, quienes a\u00fan curs\u00e1bamos la secundaria, nos parec\u00eda m\u00e1gico llegar hasta la central de la ruta 67.<\/p>\n\n\n\n<p>Tambi\u00e9n, como en todas las colonias, los que nacieron con mala entra\u00f1a. Las peleas a pedradas por rencillas tan viejas y carentes de sentido.<\/p>\n\n\n\n<p>Cristales rotos, descalabrados y alg\u00fan difunto por atropello, al cruzar la avenida Ruiz Cortines sin precauci\u00f3n.<\/p>\n\n\n\n<p>Al maleante de la zona, en las \u00e9pocas \u00e1lgidas de la metr\u00f3poli, se lo devolvieron a su familia en varias bolsas negras de pl\u00e1stico.<\/p>\n\n\n\n<p>En el barrio de La Piedra, antes todo fue de un solo sentido. Ahora, apenas van y vienen, los buenos y los extraviados, con simpleza ignorante.<\/p>\n","protected":false},"excerpt":{"rendered":"<p>Gerson G\u00f3mez Salas Crecimos en una zona fabril y trabajadora. Impregnada de leyendas. Nuestros vecinos ganaban la vida de distintas maneras. Hubo quienes, en sus casas de madera, cocinaban barbacoa. Todos los d\u00edas se acababa temprano su producto. En las principales esquinas de las avenidas, con sus triciclos, ofertaban el producto a los marchantes. Frente [&hellip;]<\/p>\n","protected":false},"author":1,"featured_media":110289,"comment_status":"open","ping_status":"open","sticky":true,"template":"","format":"standard","meta":{"footnotes":""},"categories":[12,5],"tags":[],"_links":{"self":[{"href":"https:\/\/diariodigitalmx.com\/index.php\/wp-json\/wp\/v2\/posts\/110287"}],"collection":[{"href":"https:\/\/diariodigitalmx.com\/index.php\/wp-json\/wp\/v2\/posts"}],"about":[{"href":"https:\/\/diariodigitalmx.com\/index.php\/wp-json\/wp\/v2\/types\/post"}],"author":[{"embeddable":true,"href":"https:\/\/diariodigitalmx.com\/index.php\/wp-json\/wp\/v2\/users\/1"}],"replies":[{"embeddable":true,"href":"https:\/\/diariodigitalmx.com\/index.php\/wp-json\/wp\/v2\/comments?post=110287"}],"version-history":[{"count":1,"href":"https:\/\/diariodigitalmx.com\/index.php\/wp-json\/wp\/v2\/posts\/110287\/revisions"}],"predecessor-version":[{"id":110288,"href":"https:\/\/diariodigitalmx.com\/index.php\/wp-json\/wp\/v2\/posts\/110287\/revisions\/110288"}],"wp:featuredmedia":[{"embeddable":true,"href":"https:\/\/diariodigitalmx.com\/index.php\/wp-json\/wp\/v2\/media\/110289"}],"wp:attachment":[{"href":"https:\/\/diariodigitalmx.com\/index.php\/wp-json\/wp\/v2\/media?parent=110287"}],"wp:term":[{"taxonomy":"category","embeddable":true,"href":"https:\/\/diariodigitalmx.com\/index.php\/wp-json\/wp\/v2\/categories?post=110287"},{"taxonomy":"post_tag","embeddable":true,"href":"https:\/\/diariodigitalmx.com\/index.php\/wp-json\/wp\/v2\/tags?post=110287"}],"curies":[{"name":"wp","href":"https:\/\/api.w.org\/{rel}","templated":true}]}}