{"id":110308,"date":"2023-11-30T10:45:38","date_gmt":"2023-11-30T16:45:38","guid":{"rendered":"http:\/\/diariodigitalmx.com\/?p=110308"},"modified":"2023-11-30T10:48:24","modified_gmt":"2023-11-30T16:48:24","slug":"inicia-en-nuevo-leon-primera-cumbre-internacional-para-el-desarrollo-y-los-derechos-humanos","status":"publish","type":"post","link":"https:\/\/diariodigitalmx.com\/index.php\/2023\/11\/30\/inicia-en-nuevo-leon-primera-cumbre-internacional-para-el-desarrollo-y-los-derechos-humanos\/","title":{"rendered":"Inicia en Nuevo Le\u00f3n primera Cumbre Internacional para el Desarrollo y los Derechos Humanos"},"content":{"rendered":"\n<p><br>Monterrey.- La primera Cumbre Internacional para el Desarrollo y los Derechos Humanos arranc\u00f3 hoy en Nuevo Le\u00f3n, un evento hist\u00f3rico que re\u00fane a m\u00e1s de 40 l\u00edderes del activismo social, educativo, salud, deporte y el sector empresarial.<br>En la Nave Lewis del Parque Fundidora, la Secretaria de Igualdad e Inclusi\u00f3n, Martha Herrera; Mari Rouss Villegas, Directora de Diversidad e Inclusi\u00f3n de Hogan Lovells y Presidenta de la Fundaci\u00f3n MGAS y Omar Guerrero, Socio Director de Hogan Lovells, dieron inicio a la cumbre que abordar\u00e1 10 tem\u00e1ticas diversas como el acceso al derecho a la salud de las mujeres, el derecho a la educaci\u00f3n de las infancias y mujeres libres de violencia y discriminaci\u00f3n, diversidad e inclusi\u00f3n social, empoderamiento de las mujeres, impulso de emprendimiento y liderazgo de las mujeres,<br>as\u00ed como justicia con perspectiva de g\u00e9nero, reinserci\u00f3n social de las juventudes, entre otros temas.<\/p>\n\n\n\n<figure class=\"wp-block-image size-large\"><img loading=\"lazy\" decoding=\"async\" width=\"1024\" height=\"682\" src=\"http:\/\/diariodigitalmx.com\/wp-content\/uploads\/2023\/11\/IMG_20231130_104329_633-1024x682.webp\" alt=\"\" class=\"wp-image-110313\" srcset=\"https:\/\/diariodigitalmx.com\/wp-content\/uploads\/2023\/11\/IMG_20231130_104329_633-1024x682.webp 1024w, https:\/\/diariodigitalmx.com\/wp-content\/uploads\/2023\/11\/IMG_20231130_104329_633-300x200.webp 300w, https:\/\/diariodigitalmx.com\/wp-content\/uploads\/2023\/11\/IMG_20231130_104329_633-768x511.webp 768w, https:\/\/diariodigitalmx.com\/wp-content\/uploads\/2023\/11\/IMG_20231130_104329_633.webp 1080w\" sizes=\"(max-width: 1024px) 100vw, 1024px\" \/><\/figure>\n\n\n\n<p>\u201cPor eso, hacemos un llamado a todos los gobiernos a apoyar la expansi\u00f3n de oportunidades educativas para las ni\u00f1as y a luchar contra la violencia de g\u00e9nero. Llamamos a todas las comunidades a ser tolerantes, a rechazar el prejuicio basado en cualquier circunstancia\u201d, expres\u00f3 la funcionaria estatal. \u201cLlamamos a los medios de comunicaci\u00f3n a informar con perspectiva de g\u00e9nero y derechos humanos. Llamamos a las organizaciones de la sociedad civil a seguir trabajando colaborativamente en la promoci\u00f3n y protecci\u00f3n de los derechos de las mujeres y las ni\u00f1as. Llamamos a las Universidades y escuelas a crear entornos educativos seguros. Llamamos a las empresas a liderar con responsabilidad social, a liderar para servir\u201d.<\/p>\n\n\n\n<figure class=\"wp-block-image size-large\"><img loading=\"lazy\" decoding=\"async\" width=\"1024\" height=\"682\" src=\"http:\/\/diariodigitalmx.com\/wp-content\/uploads\/2023\/11\/IMG_20231130_104329_755-1024x682.webp\" alt=\"\" class=\"wp-image-110316\" srcset=\"https:\/\/diariodigitalmx.com\/wp-content\/uploads\/2023\/11\/IMG_20231130_104329_755-1024x682.webp 1024w, https:\/\/diariodigitalmx.com\/wp-content\/uploads\/2023\/11\/IMG_20231130_104329_755-300x200.webp 300w, https:\/\/diariodigitalmx.com\/wp-content\/uploads\/2023\/11\/IMG_20231130_104329_755-768x511.webp 768w, https:\/\/diariodigitalmx.com\/wp-content\/uploads\/2023\/11\/IMG_20231130_104329_755.webp 1080w\" sizes=\"(max-width: 1024px) 100vw, 1024px\" \/><\/figure>\n\n\n\n<p>\u201cDentro de las y los l\u00edderes estar\u00e1n presentes est\u00e1n: Olimpia Coral, Saskia Ni\u00f1o de Rivera, Israel Gonz\u00e1lez, Mar\u00eda Ariza, Terry Guti\u00e9rrez, Gabriela de la Torre y Zaira Zepeda, Michelle Rodr\u00edguez, Carlos Valenzuela, Eva Espejo, B\u00e1rbara Arredondo, por mencionar algunos.<\/p>\n\n\n\n<p>\u201cPara Hogan Lovells el compromiso de la diversidad, la equidad y la inclusi\u00f3n es un tema que nos tomamos muy en serio, no nada m\u00e1s en el discurso y las palabras sino en las acciones y hoy vemos concretado el poder est\u00e1 aqu\u00ed justo para hablar sobre la agenda de g\u00e9nero, los derechos de los grupos representados, lograr acuerdos y seguir aprendiendo\u201d, puntualiz\u00f3 Mari Rouss Villegas, Directora de Diversidad e Inclusi\u00f3n de Hogan Lovells.<\/p>\n","protected":false},"excerpt":{"rendered":"<p>Monterrey.- La primera Cumbre Internacional para el Desarrollo y los Derechos Humanos arranc\u00f3 hoy en Nuevo Le\u00f3n, un evento hist\u00f3rico que re\u00fane a m\u00e1s de 40 l\u00edderes del activismo social, educativo, salud, deporte y el sector empresarial.En la Nave Lewis del Parque Fundidora, la Secretaria de Igualdad e Inclusi\u00f3n, Martha Herrera; Mari Rouss Villegas, Directora [&hellip;]<\/p>\n","protected":false},"author":1,"featured_media":110310,"comment_status":"open","ping_status":"open","sticky":true,"template":"","format":"standard","meta":{"footnotes":""},"categories":[14,6],"tags":[],"_links":{"self":[{"href":"https:\/\/diariodigitalmx.com\/index.php\/wp-json\/wp\/v2\/posts\/110308"}],"collection":[{"href":"https:\/\/diariodigitalmx.com\/index.php\/wp-json\/wp\/v2\/posts"}],"about":[{"href":"https:\/\/diariodigitalmx.com\/index.php\/wp-json\/wp\/v2\/types\/post"}],"author":[{"embeddable":true,"href":"https:\/\/diariodigitalmx.com\/index.php\/wp-json\/wp\/v2\/users\/1"}],"replies":[{"embeddable":true,"href":"https:\/\/diariodigitalmx.com\/index.php\/wp-json\/wp\/v2\/comments?post=110308"}],"version-history":[{"count":4,"href":"https:\/\/diariodigitalmx.com\/index.php\/wp-json\/wp\/v2\/posts\/110308\/revisions"}],"predecessor-version":[{"id":110317,"href":"https:\/\/diariodigitalmx.com\/index.php\/wp-json\/wp\/v2\/posts\/110308\/revisions\/110317"}],"wp:featuredmedia":[{"embeddable":true,"href":"https:\/\/diariodigitalmx.com\/index.php\/wp-json\/wp\/v2\/media\/110310"}],"wp:attachment":[{"href":"https:\/\/diariodigitalmx.com\/index.php\/wp-json\/wp\/v2\/media?parent=110308"}],"wp:term":[{"taxonomy":"category","embeddable":true,"href":"https:\/\/diariodigitalmx.com\/index.php\/wp-json\/wp\/v2\/categories?post=110308"},{"taxonomy":"post_tag","embeddable":true,"href":"https:\/\/diariodigitalmx.com\/index.php\/wp-json\/wp\/v2\/tags?post=110308"}],"curies":[{"name":"wp","href":"https:\/\/api.w.org\/{rel}","templated":true}]}}