{"id":110359,"date":"2023-11-30T19:36:09","date_gmt":"2023-12-01T01:36:09","guid":{"rendered":"http:\/\/diariodigitalmx.com\/?p=110359"},"modified":"2023-11-30T19:37:21","modified_gmt":"2023-12-01T01:37:21","slug":"los-golpes-ensenaran-a-samuel-dice-xochitl-galvez-la-contienda-es-con-sheinbaum","status":"publish","type":"post","link":"https:\/\/diariodigitalmx.com\/index.php\/2023\/11\/30\/los-golpes-ensenaran-a-samuel-dice-xochitl-galvez-la-contienda-es-con-sheinbaum\/","title":{"rendered":"Los golpes ense\u00f1ar\u00e1n a Samuel, dice X\u00f3chitl G\u00e1lvez; la contienda es con Sheinbaum"},"content":{"rendered":"\n<p><br>Monterrey . &#8211; X\u00f3chit G\u00e1lvez dijo aqu\u00ed que Samuel Garc\u00eda no tiene palabra y que se siente emperador, pero advirti\u00f3, que los golpes le ir\u00e1n ense\u00f1ando para entender.<br>Al realizar una gira por Nuevo Le\u00f3n la aspirante presidencia del Frente Amplio por M\u00e9xico, asegur\u00f3 que la contienda es entre ella y Claudia Sheinbaum, por lo que le tiene sin cuidado Samuel Garc\u00eda.<br>&#8220;M\u00e1s all\u00e1 de que quiera competir, que a mi me tiene sin cuidado, de verdad, la contienda es entre Sheinbaum y una servidora&#8221;.<br>G\u00e1lvez considera que el presidente Andr\u00e9s Manuel Lopez Obrador es el Jefe de Campa\u00f1a de Claudia Sheinbaum y Samuel Garc\u00eda. &#8220;Ya veo que el presidente es Jefe de Campa\u00f1a de Samuel y de la se\u00f1ora Sheinbaum&#8221;.<\/p>\n\n\n\n<figure class=\"wp-block-image size-full\"><img loading=\"lazy\" decoding=\"async\" width=\"918\" height=\"640\" src=\"http:\/\/diariodigitalmx.com\/wp-content\/uploads\/2023\/11\/IMG_20231130_193356_645.webp\" alt=\"\" class=\"wp-image-110362\" srcset=\"https:\/\/diariodigitalmx.com\/wp-content\/uploads\/2023\/11\/IMG_20231130_193356_645.webp 918w, https:\/\/diariodigitalmx.com\/wp-content\/uploads\/2023\/11\/IMG_20231130_193356_645-300x209.webp 300w, https:\/\/diariodigitalmx.com\/wp-content\/uploads\/2023\/11\/IMG_20231130_193356_645-768x535.webp 768w\" sizes=\"(max-width: 918px) 100vw, 918px\" \/><\/figure>\n\n\n\n<figure class=\"wp-block-image size-full\"><img loading=\"lazy\" decoding=\"async\" width=\"546\" height=\"449\" src=\"http:\/\/diariodigitalmx.com\/wp-content\/uploads\/2023\/11\/IMG_20231130_193356_435.webp\" alt=\"\" class=\"wp-image-110364\" srcset=\"https:\/\/diariodigitalmx.com\/wp-content\/uploads\/2023\/11\/IMG_20231130_193356_435.webp 546w, https:\/\/diariodigitalmx.com\/wp-content\/uploads\/2023\/11\/IMG_20231130_193356_435-300x247.webp 300w\" sizes=\"(max-width: 546px) 100vw, 546px\" \/><\/figure>\n\n\n\n<p>Calific\u00f3 a Samuel Garc\u00eda como un hombre sin capacidad de di\u00e1logo, sin palabras, al que le hace falta experiencia, pero a\u00f1adi\u00f3, los golpes lo ir\u00e1n ense\u00f1ando. &#8220;Le falta capacidad de poder dialogar de poder entender que en el Gobierno no es uno un emperador&#8221;.<br>Agreg\u00f3 que quiz\u00e1 se deba a su juventud pero los trancazos obviamente lo van a ense\u00f1ar.<br>G\u00e1lvez recorri\u00f3 el malec\u00f3n de la Presa La Boca en en el municipio de Santiago, y opin\u00f3 que la sequ\u00eda se resolver\u00e1 con ingeniera, no poniendo dos popotes donde no hay agua, en alusi\u00f3n al acueducto El Cuchillo II en la presa El Cuchillo.<br>Propuso la tecnificaci\u00f3n del campo y disminuir consumos de agua en sanitarios y regaderas, adem\u00e1s, considera que tecnificar el campo de Tamaulipas permitir\u00e1 ahorrar hasta un 75 por ciento en consumo destinado para este rubro.<br>Sin embargo, sostiene que extraer agua del P\u00e1nuco para Nuevo Le\u00f3n es muy costoso y lo descarta.<br>Acompa\u00f1ada de Hern\u00e1n Salinas presidente estatal de Acci\u00f3n Nacional y del Alcalde de Santiago, David de la Pe\u00f1a, cr\u00edtic\u00f3 que Samuel Garc\u00eda no arregle el problema h\u00eddrico y que, incluso, han parado el nuevo acueducto para obras que les faltaron.<br>&#8220;El Gobernador dice que ya acab\u00f3 El Cuchillo II, \u00bfno?, y vi en el Peri\u00f3dico que acaban de parar el suministro de agua para acabar la obra, \u00bfcon qu\u00e9 cara dice que ya acab\u00f3 cuando sabe que la obra no est\u00e1 terminada?&#8221;.<br>X\u00f3chitl G\u00e1lvez tuvo en su agenda asistir tambi\u00e9n a un partido de basquetbol en el centro de Monterrey.<\/p>\n","protected":false},"excerpt":{"rendered":"<p>Monterrey . &#8211; X\u00f3chit G\u00e1lvez dijo aqu\u00ed que Samuel Garc\u00eda no tiene palabra y que se siente emperador, pero advirti\u00f3, que los golpes le ir\u00e1n ense\u00f1ando para entender.Al realizar una gira por Nuevo Le\u00f3n la aspirante presidencia del Frente Amplio por M\u00e9xico, asegur\u00f3 que la contienda es entre ella y Claudia Sheinbaum, por lo que [&hellip;]<\/p>\n","protected":false},"author":1,"featured_media":110361,"comment_status":"open","ping_status":"open","sticky":true,"template":"","format":"standard","meta":{"footnotes":""},"categories":[14,6],"tags":[],"_links":{"self":[{"href":"https:\/\/diariodigitalmx.com\/index.php\/wp-json\/wp\/v2\/posts\/110359"}],"collection":[{"href":"https:\/\/diariodigitalmx.com\/index.php\/wp-json\/wp\/v2\/posts"}],"about":[{"href":"https:\/\/diariodigitalmx.com\/index.php\/wp-json\/wp\/v2\/types\/post"}],"author":[{"embeddable":true,"href":"https:\/\/diariodigitalmx.com\/index.php\/wp-json\/wp\/v2\/users\/1"}],"replies":[{"embeddable":true,"href":"https:\/\/diariodigitalmx.com\/index.php\/wp-json\/wp\/v2\/comments?post=110359"}],"version-history":[{"count":3,"href":"https:\/\/diariodigitalmx.com\/index.php\/wp-json\/wp\/v2\/posts\/110359\/revisions"}],"predecessor-version":[{"id":110366,"href":"https:\/\/diariodigitalmx.com\/index.php\/wp-json\/wp\/v2\/posts\/110359\/revisions\/110366"}],"wp:featuredmedia":[{"embeddable":true,"href":"https:\/\/diariodigitalmx.com\/index.php\/wp-json\/wp\/v2\/media\/110361"}],"wp:attachment":[{"href":"https:\/\/diariodigitalmx.com\/index.php\/wp-json\/wp\/v2\/media?parent=110359"}],"wp:term":[{"taxonomy":"category","embeddable":true,"href":"https:\/\/diariodigitalmx.com\/index.php\/wp-json\/wp\/v2\/categories?post=110359"},{"taxonomy":"post_tag","embeddable":true,"href":"https:\/\/diariodigitalmx.com\/index.php\/wp-json\/wp\/v2\/tags?post=110359"}],"curies":[{"name":"wp","href":"https:\/\/api.w.org\/{rel}","templated":true}]}}