{"id":110378,"date":"2023-11-30T23:33:48","date_gmt":"2023-12-01T05:33:48","guid":{"rendered":"http:\/\/diariodigitalmx.com\/?p=110378"},"modified":"2023-11-30T23:35:42","modified_gmt":"2023-12-01T05:35:42","slug":"promueven-la-inclusion-y-el-acceso-a-los-derechos-en-la-primera-cumbre-internacional-para-el-desarrollo-y-los-derechos-humanos","status":"publish","type":"post","link":"https:\/\/diariodigitalmx.com\/index.php\/2023\/11\/30\/promueven-la-inclusion-y-el-acceso-a-los-derechos-en-la-primera-cumbre-internacional-para-el-desarrollo-y-los-derechos-humanos\/","title":{"rendered":"Promueven la inclusi\u00f3n y el acceso a los derechos en la primera Cumbre Internacional para el Desarrollo y los Derechos Humanos"},"content":{"rendered":"\n<p>Monterrey, Nuevo Le\u00f3n.- Todas las personas deben tener accesos pleno a sus derechos humanos, sin barreras, sin discriminaci\u00f3n ni excepci\u00f3n alguna, coincidieron l\u00edderes del sector social, gubernamental y privado durante la primera Cumbre Internacional para el Desarrollo y los Derechos Humanos.<\/p>\n\n\n\n<p>En el panel \u201cEl poder de la diversidad\u201d Maricarmen Petate, abogada, escritora y activista; Cynthia Molano, activista en pro de los derechos de las personas de talla peque\u00f1a; Maryangel Garc\u00eda Ramos, activista, directora ejecutiva de Women Enabled International y Andy Legarci aportaron su perspectivas valiosas y profundas sobre la inclusi\u00f3n y los derechos humanos.<\/p>\n\n\n\n<figure class=\"wp-block-image size-large\"><img loading=\"lazy\" decoding=\"async\" width=\"1024\" height=\"683\" src=\"http:\/\/diariodigitalmx.com\/wp-content\/uploads\/2023\/11\/image00003-6-1024x683.jpeg\" alt=\"\" class=\"wp-image-110382\" srcset=\"https:\/\/diariodigitalmx.com\/wp-content\/uploads\/2023\/11\/image00003-6-1024x683.jpeg 1024w, https:\/\/diariodigitalmx.com\/wp-content\/uploads\/2023\/11\/image00003-6-300x200.jpeg 300w, https:\/\/diariodigitalmx.com\/wp-content\/uploads\/2023\/11\/image00003-6-768x512.jpeg 768w, https:\/\/diariodigitalmx.com\/wp-content\/uploads\/2023\/11\/image00003-6.jpeg 1368w\" sizes=\"(max-width: 1024px) 100vw, 1024px\" \/><\/figure>\n\n\n\n<p>\u201cEs importante que cuando hablamos de derechos humanos entender el privilegio de poder utilizar el lenguaje de derechos humanos, y pensar que una lucha est\u00e1 conectada con la otra y que al final mucho del trabajo que hacemos desde el activismo y tambi\u00e9n desde la profundidad del derecho humano es porque lo hacemos por supervivencia\u201d, coment\u00f3 Maryangel Garc\u00eda Ramos.<\/p>\n\n\n\n<p>Durante su participaci\u00f3n en \u201cVoces del cambio: El poder de la empat\u00eda\u201d, Saskia Ni\u00f1o de Rivera, Co fundadora de Reinserta, A.C, comparti\u00f3 que la empat\u00eda es la base absoluta de la creaci\u00f3n de un M\u00e9xico donde prevalezca la paz.<\/p>\n\n\n\n<figure class=\"wp-block-image size-large\"><img loading=\"lazy\" decoding=\"async\" width=\"1024\" height=\"683\" src=\"http:\/\/diariodigitalmx.com\/wp-content\/uploads\/2023\/11\/image00011-2-1024x683.jpeg\" alt=\"\" class=\"wp-image-110384\" srcset=\"https:\/\/diariodigitalmx.com\/wp-content\/uploads\/2023\/11\/image00011-2-1024x683.jpeg 1024w, https:\/\/diariodigitalmx.com\/wp-content\/uploads\/2023\/11\/image00011-2-300x200.jpeg 300w, https:\/\/diariodigitalmx.com\/wp-content\/uploads\/2023\/11\/image00011-2-768x512.jpeg 768w, https:\/\/diariodigitalmx.com\/wp-content\/uploads\/2023\/11\/image00011-2.jpeg 1368w\" sizes=\"(max-width: 1024px) 100vw, 1024px\" \/><\/figure>\n\n\n\n<p>\u201cLa capacidad que tenemos de ponernos en los zapatos del otro, sin juzgar y para entender es lo que nos va hacer una mejor naci\u00f3n. El poder de la empat\u00eda es todo para la construcci\u00f3n de un M\u00e9xico mejor y de un M\u00e9xico en paz\u201d, subray\u00f3.<\/p>\n\n\n\n<p>En el panal \u201cEl Futuro del Desarrollo Social\u201d, la Secretaria de Igualdad e Inclusi\u00f3n, Martha Herrera; Silvia D\u00e1vila, CEO, Danone M\u00e9xico y Luisa Alejandra G\u00e1ndara, Presidenta Ejecutiva de Fundaci\u00f3n Ganfer, dialogaron sobre la gran responsabilidad e importancia que tiene Gobierno e iniciativa privada para desarrollar programas que brinden oportunidades de movilidad social.<\/p>\n\n\n\n<figure class=\"wp-block-image size-large\"><img loading=\"lazy\" decoding=\"async\" width=\"1024\" height=\"683\" src=\"http:\/\/diariodigitalmx.com\/wp-content\/uploads\/2023\/11\/image00009-1-1024x683.jpeg\" alt=\"\" class=\"wp-image-110386\" srcset=\"https:\/\/diariodigitalmx.com\/wp-content\/uploads\/2023\/11\/image00009-1-1024x683.jpeg 1024w, https:\/\/diariodigitalmx.com\/wp-content\/uploads\/2023\/11\/image00009-1-300x200.jpeg 300w, https:\/\/diariodigitalmx.com\/wp-content\/uploads\/2023\/11\/image00009-1-768x512.jpeg 768w, https:\/\/diariodigitalmx.com\/wp-content\/uploads\/2023\/11\/image00009-1.jpeg 1368w\" sizes=\"(max-width: 1024px) 100vw, 1024px\" \/><\/figure>\n\n\n\n<p>\u201cDesde un inicio nosotros decidimos que nuestro foco ten\u00eda que ser y poner al centro a las personas, segundo entender muy bien que nosotros como Estado, tenemos que garantizar los derechos humanos, partiendo desde ah\u00ed es que co dise\u00f1amos una pol\u00edtica social que ha sido estrat\u00e9gica que le denominamos La Nueva Ruta, un nuevo camino a trav\u00e9s del cual todas las personas podemos transitar, en el que la pol\u00edtica p\u00fablica se haga transversal\u201d, destac\u00f3 la titular de Igualdad e Inclusi\u00f3n.<\/p>\n\n\n\n<p>Posteriormente Olimpia Coral Melo, impulsora de Ley Olimpia, platic\u00f3 sobre su historia es un poderoso testimonio de superaci\u00f3n y activismo que marc\u00f3 un antes y un despu\u00e9s en la legislaci\u00f3n digital que la convirti\u00f3 en una de las figuras m\u00e1s inspiradoras y reconocidas a nivel global.<\/p>\n","protected":false},"excerpt":{"rendered":"<p>Monterrey, Nuevo Le\u00f3n.- Todas las personas deben tener accesos pleno a sus derechos humanos, sin barreras, sin discriminaci\u00f3n ni excepci\u00f3n alguna, coincidieron l\u00edderes del sector social, gubernamental y privado durante la primera Cumbre Internacional para el Desarrollo y los Derechos Humanos. En el panel \u201cEl poder de la diversidad\u201d Maricarmen Petate, abogada, escritora y activista; [&hellip;]<\/p>\n","protected":false},"author":1,"featured_media":110380,"comment_status":"open","ping_status":"open","sticky":true,"template":"","format":"standard","meta":{"footnotes":""},"categories":[14,6],"tags":[],"_links":{"self":[{"href":"https:\/\/diariodigitalmx.com\/index.php\/wp-json\/wp\/v2\/posts\/110378"}],"collection":[{"href":"https:\/\/diariodigitalmx.com\/index.php\/wp-json\/wp\/v2\/posts"}],"about":[{"href":"https:\/\/diariodigitalmx.com\/index.php\/wp-json\/wp\/v2\/types\/post"}],"author":[{"embeddable":true,"href":"https:\/\/diariodigitalmx.com\/index.php\/wp-json\/wp\/v2\/users\/1"}],"replies":[{"embeddable":true,"href":"https:\/\/diariodigitalmx.com\/index.php\/wp-json\/wp\/v2\/comments?post=110378"}],"version-history":[{"count":4,"href":"https:\/\/diariodigitalmx.com\/index.php\/wp-json\/wp\/v2\/posts\/110378\/revisions"}],"predecessor-version":[{"id":110387,"href":"https:\/\/diariodigitalmx.com\/index.php\/wp-json\/wp\/v2\/posts\/110378\/revisions\/110387"}],"wp:featuredmedia":[{"embeddable":true,"href":"https:\/\/diariodigitalmx.com\/index.php\/wp-json\/wp\/v2\/media\/110380"}],"wp:attachment":[{"href":"https:\/\/diariodigitalmx.com\/index.php\/wp-json\/wp\/v2\/media?parent=110378"}],"wp:term":[{"taxonomy":"category","embeddable":true,"href":"https:\/\/diariodigitalmx.com\/index.php\/wp-json\/wp\/v2\/categories?post=110378"},{"taxonomy":"post_tag","embeddable":true,"href":"https:\/\/diariodigitalmx.com\/index.php\/wp-json\/wp\/v2\/tags?post=110378"}],"curies":[{"name":"wp","href":"https:\/\/api.w.org\/{rel}","templated":true}]}}