{"id":110388,"date":"2023-11-30T23:43:04","date_gmt":"2023-12-01T05:43:04","guid":{"rendered":"http:\/\/diariodigitalmx.com\/?p=110388"},"modified":"2023-12-01T10:44:00","modified_gmt":"2023-12-01T16:44:00","slug":"denuncia-mjes-guerra-sucia-bloquea-whatsapp-su-linea-de-atencion","status":"publish","type":"post","link":"https:\/\/diariodigitalmx.com\/index.php\/2023\/11\/30\/denuncia-mjes-guerra-sucia-bloquea-whatsapp-su-linea-de-atencion\/","title":{"rendered":"Denuncia Mijes guerra sucia; bloquea WhatsApp su l\u00ednea de atenci\u00f3n"},"content":{"rendered":"\n<p><br>El Alcalde Andr\u00e9s Mijes conden\u00f3 en\u00e9rgicamente la guerra sucia a la que ha sido objeto y cuyo ataque a perjudicado sus v\u00edas de comunicaci\u00f3n directa con la ciudadan\u00eda de Escobedo a trav\u00e9s de su l\u00ednea de WhatsApp.<\/p>\n\n\n\n<p>En esta \u00faltima semana, detall\u00f3 que ha sido blanco de dos ataques cibern\u00e9ticos, uno de ellos inhabilit\u00f3 su n\u00famero celular y al ser reportado como robado, y en otro caso, su cuenta de WhatsApp fue cerrada por la empresa propietaria por presuntamente dar un mal uso a la plataforma.<\/p>\n\n\n\n<figure class=\"wp-block-image size-large\"><img loading=\"lazy\" decoding=\"async\" width=\"1024\" height=\"683\" src=\"http:\/\/diariodigitalmx.com\/wp-content\/uploads\/2023\/11\/FOTO-2-2-1024x683.jpg\" alt=\"\" class=\"wp-image-110391\" srcset=\"https:\/\/diariodigitalmx.com\/wp-content\/uploads\/2023\/11\/FOTO-2-2-1024x683.jpg 1024w, https:\/\/diariodigitalmx.com\/wp-content\/uploads\/2023\/11\/FOTO-2-2-300x200.jpg 300w, https:\/\/diariodigitalmx.com\/wp-content\/uploads\/2023\/11\/FOTO-2-2-768x512.jpg 768w, https:\/\/diariodigitalmx.com\/wp-content\/uploads\/2023\/11\/FOTO-2-2-1536x1024.jpg 1536w, https:\/\/diariodigitalmx.com\/wp-content\/uploads\/2023\/11\/FOTO-2-2-2048x1365.jpg 2048w\" sizes=\"(max-width: 1024px) 100vw, 1024px\" \/><\/figure>\n\n\n\n<p>Mijes lament\u00f3 que se perjudique de esta forma a los ciudadanos que ten\u00edan la oportunidad de comunicarse con \u00e9l a trav\u00e9s de mensajes en busca de apoyo para solucionar los problemas que viven en sus sectores.<\/p>\n\n\n\n<p>\u201cEs una herramienta esencial para el desarrollo de mi trabajo como Alcalde, y al bloquearla por supuestos reclamos de mal uso de la cuenta, me doy cuenta que esto es una guerra sucia.<\/p>\n\n\n\n<figure class=\"wp-block-image size-large\"><img loading=\"lazy\" decoding=\"async\" width=\"1024\" height=\"683\" src=\"http:\/\/diariodigitalmx.com\/wp-content\/uploads\/2023\/11\/FOTO-5-1-1024x683.jpg\" alt=\"\" class=\"wp-image-110394\" srcset=\"https:\/\/diariodigitalmx.com\/wp-content\/uploads\/2023\/11\/FOTO-5-1-1024x683.jpg 1024w, https:\/\/diariodigitalmx.com\/wp-content\/uploads\/2023\/11\/FOTO-5-1-300x200.jpg 300w, https:\/\/diariodigitalmx.com\/wp-content\/uploads\/2023\/11\/FOTO-5-1-768x512.jpg 768w, https:\/\/diariodigitalmx.com\/wp-content\/uploads\/2023\/11\/FOTO-5-1-1536x1024.jpg 1536w, https:\/\/diariodigitalmx.com\/wp-content\/uploads\/2023\/11\/FOTO-5-1-2048x1365.jpg 2048w\" sizes=\"(max-width: 1024px) 100vw, 1024px\" \/><\/figure>\n\n\n\n<p>\u201cCondeno esta guerra sucia, y vengo a decirles a todos, a mis compa\u00f1eros alcaldes y a todos los que est\u00e1n en la funci\u00f3n p\u00fablica (para) que tengan cuidado, porque esto, es obvio con la intenci\u00f3n de bloquear mi herramienta de trabajo y coarta el derecho de la gente de estar comunicado con su Alcalde\u201d, expres\u00f3 el Mun\u00edcipe cuando en la rueda de prensa mostr\u00f3 fotograf\u00edas de conversaciones que ha sostenido con diferentes ciudadanos.<\/p>\n\n\n\n<p>El Edil de Escobedo dio a conocer que ha interpuesto las denuncias correspondientes con la Polic\u00eda Cibern\u00e9tica a fin de que se investigue y se d\u00e9 con el paradero de los responsables de este ataque digital.<\/p>\n\n\n\n<p>Por ello, el Alcalde Andr\u00e9s Mijes inform\u00f3 que se ha habilitado el n\u00famero 81 .2146.2917, cuenta en la que la ciudadan\u00eda podr\u00e1 seguir en contacto con \u00e9l.<\/p>\n","protected":false},"excerpt":{"rendered":"<p>El Alcalde Andr\u00e9s Mijes conden\u00f3 en\u00e9rgicamente la guerra sucia a la que ha sido objeto y cuyo ataque a perjudicado sus v\u00edas de comunicaci\u00f3n directa con la ciudadan\u00eda de Escobedo a trav\u00e9s de su l\u00ednea de WhatsApp. En esta \u00faltima semana, detall\u00f3 que ha sido blanco de dos ataques cibern\u00e9ticos, uno de ellos inhabilit\u00f3 su [&hellip;]<\/p>\n","protected":false},"author":1,"featured_media":110390,"comment_status":"open","ping_status":"open","sticky":true,"template":"","format":"standard","meta":{"footnotes":""},"categories":[14,6],"tags":[],"_links":{"self":[{"href":"https:\/\/diariodigitalmx.com\/index.php\/wp-json\/wp\/v2\/posts\/110388"}],"collection":[{"href":"https:\/\/diariodigitalmx.com\/index.php\/wp-json\/wp\/v2\/posts"}],"about":[{"href":"https:\/\/diariodigitalmx.com\/index.php\/wp-json\/wp\/v2\/types\/post"}],"author":[{"embeddable":true,"href":"https:\/\/diariodigitalmx.com\/index.php\/wp-json\/wp\/v2\/users\/1"}],"replies":[{"embeddable":true,"href":"https:\/\/diariodigitalmx.com\/index.php\/wp-json\/wp\/v2\/comments?post=110388"}],"version-history":[{"count":4,"href":"https:\/\/diariodigitalmx.com\/index.php\/wp-json\/wp\/v2\/posts\/110388\/revisions"}],"predecessor-version":[{"id":110427,"href":"https:\/\/diariodigitalmx.com\/index.php\/wp-json\/wp\/v2\/posts\/110388\/revisions\/110427"}],"wp:featuredmedia":[{"embeddable":true,"href":"https:\/\/diariodigitalmx.com\/index.php\/wp-json\/wp\/v2\/media\/110390"}],"wp:attachment":[{"href":"https:\/\/diariodigitalmx.com\/index.php\/wp-json\/wp\/v2\/media?parent=110388"}],"wp:term":[{"taxonomy":"category","embeddable":true,"href":"https:\/\/diariodigitalmx.com\/index.php\/wp-json\/wp\/v2\/categories?post=110388"},{"taxonomy":"post_tag","embeddable":true,"href":"https:\/\/diariodigitalmx.com\/index.php\/wp-json\/wp\/v2\/tags?post=110388"}],"curies":[{"name":"wp","href":"https:\/\/api.w.org\/{rel}","templated":true}]}}