{"id":110418,"date":"2023-12-01T06:26:38","date_gmt":"2023-12-01T12:26:38","guid":{"rendered":"http:\/\/diariodigitalmx.com\/?p=110418"},"modified":"2023-12-01T06:27:19","modified_gmt":"2023-12-01T12:27:19","slug":"nos-acercamos-a-un-estado-de-excepcion","status":"publish","type":"post","link":"https:\/\/diariodigitalmx.com\/index.php\/2023\/12\/01\/nos-acercamos-a-un-estado-de-excepcion\/","title":{"rendered":"\u00bfNos acercamos a un Estado de Excepci\u00f3n?"},"content":{"rendered":"\n<p>De frente y de perfil<\/p>\n\n\n\n<p>Ram\u00f3n Zurita Sahag\u00fan <\/p>\n\n\n\n<p>La palabra y la acci\u00f3n suenan demasiado graves para ser realidad, ya que M\u00e9xico siempre se ha mantenido alejado de esas pr\u00e1cticas, cuando menos en su \u00e9poca moderna.<\/p>\n\n\n\n<p>Sin embargo, algunas ocasiones amag\u00f3 con ello, aunque no dej\u00f3 de ser un simple rumor no confirmado, el \u00faltimo de ellos durante la irrupci\u00f3n del COVID19.<\/p>\n\n\n\n<p>En esta ocasi\u00f3n parece un libreto de una cinta de acci\u00f3n, dise\u00f1ado por una mente mal\u00e9vola<\/p>\n\n\n\n<p>La Constituci\u00f3n Pol\u00edtica de los Estados Unidos Mexicanos consagra en su art\u00edculo 29 el Estado de Excepci\u00f3n, el que, por cierto, carece de una ley reglamentaria.<\/p>\n\n\n\n<p>El Estado de Excepci\u00f3n considera que un Presidente est\u00e1 facultado para decretarlo, cuando exista un riesgo de que la sociedad se encuentre en conflicto o en grave peligro, motivado por casos de invasi\u00f3n o perturbaci\u00f3n grave de la paz p\u00fablica.<\/p>\n\n\n\n<p>La vigencia del Estado de Derecho provocar\u00eda: un cese o suspensi\u00f3n de algunos de los derechos fundamentales de los ciudadanos. Se dar\u00eda la suspensi\u00f3n de todo tipo de garant\u00eda constitucional. El Presidente de la naci\u00f3n establece los toques de queda a horas determinadas y tendr\u00eda una duraci\u00f3n de 30 a 90 d\u00edas, aplicado en todo el pa\u00eds o solamente en las regiones con conflictos.<\/p>\n\n\n\n<p>Rumores dichos y acciones que suceden en algunas partes del pa\u00eds dejan en claro esta posibilidad y la acrecientan con versiones que tender\u00edan a suspender los comicios presidenciales del dos de junio del a\u00f1o pr\u00f3ximo.<\/p>\n\n\n\n<p>Conforme avanzan los tiempos electorales que desembocar\u00e1n en los comicios del dos de junio pr\u00f3ximo, los rumores saltan por todos lados y algunos hechos de d\u00edas recientes muestran visos de realidad.<\/p>\n\n\n\n<p>Montados, espont\u00e1neos, voluntario o involuntarios, con credibilidad o sin ella, algunas acciones parecen descontrolar el diario acontecer y se conectan con las versiones que circulan r\u00e1pidamente.<\/p>\n\n\n\n<p>El Presidente reh\u00fasa acudir a ignaurar un centro de salud en la monta\u00f1a guerrerense, por estar tomadas las calles de la poblaci\u00f3n y evita as\u00ed un posible conflicto.<\/p>\n\n\n\n<p>Despu\u00e9s, en d\u00edas pasados una muchedumbre atest\u00f3 las calles de Oaxaca, agrediendo a quienes se encontraban a su paso, sin importar si eran ciudadanos o agentes de la autoridad. Varios polic\u00edas fueron golpeados con palos, por el simple hecho de estar ah\u00ed. El gobernador, Salom\u00f3n Jara, dijo que jam\u00e1s reprimir\u00e1 la libre manifestaci\u00f3n.<\/p>\n\n\n\n<p>La toma del Congreso de Sinaloa oblig\u00f3 al gobernador Rub\u00e9n Rocha a suspender su encuentro con legisladores y posponerlo para otra fecha. En esta entidad el gobierno estatal sostiene un litigio con exautoridades de la UAS.<\/p>\n\n\n\n<p>Nuevo Le\u00f3n registra signos de ingobernabilidad ante la posibilidad que el dos de diciembre existan dos gobernadores, el designado por el Congreso local y quien el gobernador con licencia para entonces, Samuel Garc\u00eda, entreg\u00f3 el mando.<\/p>\n\n\n\n<p>Estos son solamente algunos litigios y controversias estatales, en un pa\u00eds sacudido por la violencia, entronizada en cuando menos 25 entidades del pa\u00eds.<\/p>\n\n\n\n<p>Las campa\u00f1as electorales apenas inician y suben de tono virulento con ataques directos entre los tres contendientes que buscan encabezar las preferencias ciudadanas.<\/p>\n\n\n\n<p>Dejan ver que la b\u00fasqueda del voto ser\u00e1 una lucha constante y est\u00e1n dispuestos a conseguirlo, usando todo tipo de artima\u00f1as legales y aunque que no lo sean tanto.<\/p>\n\n\n\n<p>El escenario se va modificando y creciendo de uno de violencia verbal a otro que puede derivar en algo m\u00e1s fuerte.<\/p>\n\n\n\n<p>Desde el gobierno federal se asoma la mano que respalda las acciones de la candidata oficial que sin tapujos de ninguna clase contin\u00faa siendo privilegiada en sus desplazamientos por todo el pa\u00eds.<\/p>\n\n\n\n<p>Esperamos que los rumores no sean m\u00e1s que chismes y decires de la gente y que los acontecimientos que vienen sucediendo sean simples coincidencias.<\/p>\n\n\n\n<pre class=\"wp-block-code\"><code>                                                       \u2026\u2026\u2026\u2026\u2026\u2026\u2026\u2026\u2026. <\/code><\/pre>\n\n\n\n<p>El conflicto pol\u00edtico de Nuevo Le\u00f3n mantiene ocupado en esa entidad al dirigente nacional de MC, Dante Delgado, quien olvida su labor como senador, para mantenerse en pie de lucha respaldando a su carta presidencial, pero Dante tambi\u00e9n se encuentra listo para entrar de sustituto por Samuel en la contienda presidencial.<\/p>\n\n\n\n<p>Email: ramonzurita44@hotmail.com<\/p>\n\n\n\n<p>Email: ramonzurita44qgmail.com<\/p>\n","protected":false},"excerpt":{"rendered":"<p>De frente y de perfil Ram\u00f3n Zurita Sahag\u00fan La palabra y la acci\u00f3n suenan demasiado graves para ser realidad, ya que M\u00e9xico siempre se ha mantenido alejado de esas pr\u00e1cticas, cuando menos en su \u00e9poca moderna. Sin embargo, algunas ocasiones amag\u00f3 con ello, aunque no dej\u00f3 de ser un simple rumor no confirmado, el \u00faltimo [&hellip;]<\/p>\n","protected":false},"author":1,"featured_media":110420,"comment_status":"open","ping_status":"open","sticky":true,"template":"","format":"standard","meta":{"footnotes":""},"categories":[14,12],"tags":[],"_links":{"self":[{"href":"https:\/\/diariodigitalmx.com\/index.php\/wp-json\/wp\/v2\/posts\/110418"}],"collection":[{"href":"https:\/\/diariodigitalmx.com\/index.php\/wp-json\/wp\/v2\/posts"}],"about":[{"href":"https:\/\/diariodigitalmx.com\/index.php\/wp-json\/wp\/v2\/types\/post"}],"author":[{"embeddable":true,"href":"https:\/\/diariodigitalmx.com\/index.php\/wp-json\/wp\/v2\/users\/1"}],"replies":[{"embeddable":true,"href":"https:\/\/diariodigitalmx.com\/index.php\/wp-json\/wp\/v2\/comments?post=110418"}],"version-history":[{"count":1,"href":"https:\/\/diariodigitalmx.com\/index.php\/wp-json\/wp\/v2\/posts\/110418\/revisions"}],"predecessor-version":[{"id":110419,"href":"https:\/\/diariodigitalmx.com\/index.php\/wp-json\/wp\/v2\/posts\/110418\/revisions\/110419"}],"wp:featuredmedia":[{"embeddable":true,"href":"https:\/\/diariodigitalmx.com\/index.php\/wp-json\/wp\/v2\/media\/110420"}],"wp:attachment":[{"href":"https:\/\/diariodigitalmx.com\/index.php\/wp-json\/wp\/v2\/media?parent=110418"}],"wp:term":[{"taxonomy":"category","embeddable":true,"href":"https:\/\/diariodigitalmx.com\/index.php\/wp-json\/wp\/v2\/categories?post=110418"},{"taxonomy":"post_tag","embeddable":true,"href":"https:\/\/diariodigitalmx.com\/index.php\/wp-json\/wp\/v2\/tags?post=110418"}],"curies":[{"name":"wp","href":"https:\/\/api.w.org\/{rel}","templated":true}]}}