{"id":110424,"date":"2023-12-01T10:42:26","date_gmt":"2023-12-01T16:42:26","guid":{"rendered":"http:\/\/diariodigitalmx.com\/?p=110424"},"modified":"2023-12-01T10:43:03","modified_gmt":"2023-12-01T16:43:03","slug":"juez-ordena-a-samuel-garcia-no-dejar-el-cargo-hasta-que-se-arregle-lo-de-su-sucesor-interino","status":"publish","type":"post","link":"https:\/\/diariodigitalmx.com\/index.php\/2023\/12\/01\/juez-ordena-a-samuel-garcia-no-dejar-el-cargo-hasta-que-se-arregle-lo-de-su-sucesor-interino\/","title":{"rendered":"Juez ordena a Samuel Garc\u00eda no dejar el cargo hasta que se arregle lo de su sucesor interino"},"content":{"rendered":"\n<p>Monterrey . &#8211; Durante la ma\u00f1ana de este viernes le fue notificado al gobernador Samuel Garc\u00eda que no puede abandonar el cargo hasta que se resuelva el asunto del gobernador interino.<\/p>\n\n\n\n<p>De acuerdo a la notificaci\u00f3n que fue pegada en las puertas del palacio de Gobierno, la controversia de inconstitucionalidad fue promovida por el diputado Mauro Guerra, presidente del Congreso del Estado.<\/p>\n\n\n\n<p>Al palacio llegaron a dejar la notificaci\u00f3n dirigidas al gobernador y al secretario general de Gobierno, Javier Navarro.<\/p>\n\n\n\n<p>Se\u00f1ala que mientras no se tengan dadas las condiciones, se ordena al titular del Ejecutivo abstenerse de abandonar sus funciones o el territorio del estado sin causa justificada previamente por el Tribunal Superior de Justicia.<\/p>\n\n\n\n<p>El documento fue avalado por el licenciado<br>Alberto Ortega Peza Magistrado de la Primera Sala Unitaria Civil del Tribunal Superior del Estado de Nuevo Le\u00f3n.<\/p>\n\n\n\n<p>De esta manera, Samuel Garc\u00eda no podr\u00e1 irse a su campa\u00f1a presidencial a partir del 2 de diciembre (ma\u00f1ana), y hasta el 2 de junio del 2024 de acuerdo a la licencia que le aprob\u00f3 el Congreso, al menos hasta que quede arreglado el asunto del gobernador interino.<\/p>\n","protected":false},"excerpt":{"rendered":"<p>Monterrey . &#8211; Durante la ma\u00f1ana de este viernes le fue notificado al gobernador Samuel Garc\u00eda que no puede abandonar el cargo hasta que se resuelva el asunto del gobernador interino. De acuerdo a la notificaci\u00f3n que fue pegada en las puertas del palacio de Gobierno, la controversia de inconstitucionalidad fue promovida por el diputado [&hellip;]<\/p>\n","protected":false},"author":1,"featured_media":110426,"comment_status":"open","ping_status":"open","sticky":true,"template":"","format":"standard","meta":{"footnotes":""},"categories":[6,3],"tags":[],"_links":{"self":[{"href":"https:\/\/diariodigitalmx.com\/index.php\/wp-json\/wp\/v2\/posts\/110424"}],"collection":[{"href":"https:\/\/diariodigitalmx.com\/index.php\/wp-json\/wp\/v2\/posts"}],"about":[{"href":"https:\/\/diariodigitalmx.com\/index.php\/wp-json\/wp\/v2\/types\/post"}],"author":[{"embeddable":true,"href":"https:\/\/diariodigitalmx.com\/index.php\/wp-json\/wp\/v2\/users\/1"}],"replies":[{"embeddable":true,"href":"https:\/\/diariodigitalmx.com\/index.php\/wp-json\/wp\/v2\/comments?post=110424"}],"version-history":[{"count":1,"href":"https:\/\/diariodigitalmx.com\/index.php\/wp-json\/wp\/v2\/posts\/110424\/revisions"}],"predecessor-version":[{"id":110425,"href":"https:\/\/diariodigitalmx.com\/index.php\/wp-json\/wp\/v2\/posts\/110424\/revisions\/110425"}],"wp:featuredmedia":[{"embeddable":true,"href":"https:\/\/diariodigitalmx.com\/index.php\/wp-json\/wp\/v2\/media\/110426"}],"wp:attachment":[{"href":"https:\/\/diariodigitalmx.com\/index.php\/wp-json\/wp\/v2\/media?parent=110424"}],"wp:term":[{"taxonomy":"category","embeddable":true,"href":"https:\/\/diariodigitalmx.com\/index.php\/wp-json\/wp\/v2\/categories?post=110424"},{"taxonomy":"post_tag","embeddable":true,"href":"https:\/\/diariodigitalmx.com\/index.php\/wp-json\/wp\/v2\/tags?post=110424"}],"curies":[{"name":"wp","href":"https:\/\/api.w.org\/{rel}","templated":true}]}}