{"id":110433,"date":"2023-12-01T15:09:31","date_gmt":"2023-12-01T21:09:31","guid":{"rendered":"http:\/\/diariodigitalmx.com\/?p=110433"},"modified":"2023-12-01T15:13:17","modified_gmt":"2023-12-01T21:13:17","slug":"impulsa-escobedo-la-inclusion-de-todas-las-personas","status":"publish","type":"post","link":"https:\/\/diariodigitalmx.com\/index.php\/2023\/12\/01\/impulsa-escobedo-la-inclusion-de-todas-las-personas\/","title":{"rendered":"Impulsa Escobedo la inclusi\u00f3n de todas las personas"},"content":{"rendered":"\n<p>En el marco del D\u00eda Internacional de la Personas con Discapacidad, este viernes, el Gobierno de Escobedo realiz\u00f3 la tradicional &#8220;Caminata por la Inclusi\u00f3n&#8221;.<\/p>\n\n\n\n<p>El Alcalde Andr\u00e9s Mijes dio el banderazo de salida a la tercera edici\u00f3n de la caminata, en donde participaron m\u00e1s de 2 mil 500 personas se sumaron al llamado de la inclusi\u00f3n.<\/p>\n\n\n\n<p>\u201cEn Escobedo unas de las preocupaciones principales es la inclusi\u00f3n de todas las personas con discapacidad y hemos venido generando acciones y pol\u00edticas p\u00fablicas que promuevan el respeto y el apoyo, sobre todo este trabajo por parte de todo para apoyar a las personas con discapacidad\u201d, coment\u00f3 el Edil en su mensaje.<\/p>\n\n\n\n<figure class=\"wp-block-image size-large\"><img loading=\"lazy\" decoding=\"async\" width=\"1024\" height=\"996\" src=\"http:\/\/diariodigitalmx.com\/wp-content\/uploads\/2023\/12\/UAV0670-1024x996.jpg\" alt=\"\" class=\"wp-image-110438\" srcset=\"https:\/\/diariodigitalmx.com\/wp-content\/uploads\/2023\/12\/UAV0670-1024x996.jpg 1024w, https:\/\/diariodigitalmx.com\/wp-content\/uploads\/2023\/12\/UAV0670-300x292.jpg 300w, https:\/\/diariodigitalmx.com\/wp-content\/uploads\/2023\/12\/UAV0670-768x747.jpg 768w, https:\/\/diariodigitalmx.com\/wp-content\/uploads\/2023\/12\/UAV0670-1536x1494.jpg 1536w, https:\/\/diariodigitalmx.com\/wp-content\/uploads\/2023\/12\/UAV0670-2048x1992.jpg 2048w\" sizes=\"(max-width: 1024px) 100vw, 1024px\" \/><\/figure>\n\n\n\n<p>En Escobedo, precis\u00f3 Mijes, que se tienen pol\u00edticas transversales que impulsan el desarrollo de las personas con discapacidad y la inclusi\u00f3n de \u00e9stas en la vida laboral y social, as\u00ed mismo para que accedan a la educaci\u00f3n y se desarrollen en el deporte.<\/p>\n\n\n\n<p>En esta ocasi\u00f3n, participaron ni\u00f1os, adolescentes, j\u00f3venes, adultos y personas de la tercera edad, familias completas, as\u00ed como instituciones educativas y los distintos centros DIF del Municipio, adem\u00e1s se sumaron el club de motos \u201cTiburones\u201d y la cuadra \u201cGarza Garc\u00eda\u201d.<\/p>\n\n\n\n<figure class=\"wp-block-image size-large\"><img loading=\"lazy\" decoding=\"async\" width=\"1024\" height=\"683\" src=\"http:\/\/diariodigitalmx.com\/wp-content\/uploads\/2023\/12\/UAV0447-1024x683.jpg\" alt=\"\" class=\"wp-image-110441\" srcset=\"https:\/\/diariodigitalmx.com\/wp-content\/uploads\/2023\/12\/UAV0447-1024x683.jpg 1024w, https:\/\/diariodigitalmx.com\/wp-content\/uploads\/2023\/12\/UAV0447-300x200.jpg 300w, https:\/\/diariodigitalmx.com\/wp-content\/uploads\/2023\/12\/UAV0447-768x512.jpg 768w, https:\/\/diariodigitalmx.com\/wp-content\/uploads\/2023\/12\/UAV0447-1536x1024.jpg 1536w, https:\/\/diariodigitalmx.com\/wp-content\/uploads\/2023\/12\/UAV0447-2048x1365.jpg 2048w\" sizes=\"(max-width: 1024px) 100vw, 1024px\" \/><\/figure>\n\n\n\n<p>Durante estos d\u00edas, el Municipio de Escobedo a trav\u00e9s del equipo de la Unidad B\u00e1sica de Rehabilitaci\u00f3n San Genaro ha visitado planteles educativos y empresas a fin de concientizar sobre la inclusi\u00f3n de las personas con discapacidad.<\/p>\n","protected":false},"excerpt":{"rendered":"<p>En el marco del D\u00eda Internacional de la Personas con Discapacidad, este viernes, el Gobierno de Escobedo realiz\u00f3 la tradicional &#8220;Caminata por la Inclusi\u00f3n&#8221;. El Alcalde Andr\u00e9s Mijes dio el banderazo de salida a la tercera edici\u00f3n de la caminata, en donde participaron m\u00e1s de 2 mil 500 personas se sumaron al llamado de la [&hellip;]<\/p>\n","protected":false},"author":1,"featured_media":110435,"comment_status":"open","ping_status":"open","sticky":true,"template":"","format":"standard","meta":{"footnotes":""},"categories":[14,6],"tags":[],"_links":{"self":[{"href":"https:\/\/diariodigitalmx.com\/index.php\/wp-json\/wp\/v2\/posts\/110433"}],"collection":[{"href":"https:\/\/diariodigitalmx.com\/index.php\/wp-json\/wp\/v2\/posts"}],"about":[{"href":"https:\/\/diariodigitalmx.com\/index.php\/wp-json\/wp\/v2\/types\/post"}],"author":[{"embeddable":true,"href":"https:\/\/diariodigitalmx.com\/index.php\/wp-json\/wp\/v2\/users\/1"}],"replies":[{"embeddable":true,"href":"https:\/\/diariodigitalmx.com\/index.php\/wp-json\/wp\/v2\/comments?post=110433"}],"version-history":[{"count":3,"href":"https:\/\/diariodigitalmx.com\/index.php\/wp-json\/wp\/v2\/posts\/110433\/revisions"}],"predecessor-version":[{"id":110442,"href":"https:\/\/diariodigitalmx.com\/index.php\/wp-json\/wp\/v2\/posts\/110433\/revisions\/110442"}],"wp:featuredmedia":[{"embeddable":true,"href":"https:\/\/diariodigitalmx.com\/index.php\/wp-json\/wp\/v2\/media\/110435"}],"wp:attachment":[{"href":"https:\/\/diariodigitalmx.com\/index.php\/wp-json\/wp\/v2\/media?parent=110433"}],"wp:term":[{"taxonomy":"category","embeddable":true,"href":"https:\/\/diariodigitalmx.com\/index.php\/wp-json\/wp\/v2\/categories?post=110433"},{"taxonomy":"post_tag","embeddable":true,"href":"https:\/\/diariodigitalmx.com\/index.php\/wp-json\/wp\/v2\/tags?post=110433"}],"curies":[{"name":"wp","href":"https:\/\/api.w.org\/{rel}","templated":true}]}}