{"id":110497,"date":"2023-12-02T08:53:45","date_gmt":"2023-12-02T14:53:45","guid":{"rendered":"http:\/\/diariodigitalmx.com\/?p=110497"},"modified":"2023-12-02T08:54:15","modified_gmt":"2023-12-02T14:54:15","slug":"abre-fiscalia-investigacion-por-disturbios-en-el-congreso-de-nl-cuando-eligieron-gobernador-interino","status":"publish","type":"post","link":"https:\/\/diariodigitalmx.com\/index.php\/2023\/12\/02\/abre-fiscalia-investigacion-por-disturbios-en-el-congreso-de-nl-cuando-eligieron-gobernador-interino\/","title":{"rendered":"Abre Fiscal\u00eda investigaci\u00f3n por disturbios en el Congreso de NL cuando eligieron gobernador interino"},"content":{"rendered":"\n<p>Monterrey . &#8211; El Ministerio P\u00fablico abri\u00f3 una carpeta de investigaci\u00f3n por los disturbios en el Congreso local durante la designaci\u00f3n de gobernador interino el mi\u00e9rcoles 29 de noviembre.<\/p>\n\n\n\n<p>La Fiscal\u00eda de Justicia inform\u00f3 que derivado de una denuncia por disturbios en el recinto del Congreso del Estado, elementos de la Agencia Estatal de Investigaciones acudieron a tomar conocimiento de los hechos.<\/p>\n\n\n\n<p>&#8220;Como consecuencia se gener\u00f3 un Informe Policial Homologado y se abri\u00f3 una carpeta de investigaci\u00f3n por parte del Ministerio P\u00fablico&#8221;.<\/p>\n\n\n\n<p>La autoridad investigadora gir\u00f3 los oficios correspondientes para recopilar videos, testimonios y dem\u00e1s diligencias pertinentes para esclarecer los hechos y fincar, en su caso, las responsabilidades a que haya lugar.<\/p>\n\n\n\n<p>La Fiscal\u00eda inform\u00f3 que la carpeta de investigaci\u00f3n est\u00e1 vigente, en integraci\u00f3n, con indagatoria en proceso.<\/p>\n\n\n\n<p>Tambi\u00e9n hizo una serie de aclaraciones en torno a publicaciones de redes sociales que aseguraban que los agentes de la Polic\u00eda Ministerial que acudieron al recinto tras ser llamados por el Congreso, entraron armados.<\/p>\n\n\n\n<p>&#8220;Los elementos de la AEI que acudieron en atenci\u00f3n y seguimiento a la denuncia, realizaron el ingreso al edificio portando uniforme y equipo t\u00e1ctico correspondiente a sus funciones&#8221;.<\/p>\n\n\n\n<p>&#8220;Existe constancia en bit\u00e1cora de Planta de Radio de esa corporaci\u00f3n de reporte denunciando hechos, orden de acudir a constatar la veracidad del reporte, realizar actos de seguridad e investigaci\u00f3n y de ingresar al recinto p\u00fablico sin portar armas de fuego de ning\u00fan tipo&#8221;, agrega.<\/p>\n\n\n\n<p>Precisa que en videos difundidos en algunos medios de comunicaci\u00f3n se aprecian elementos con cargadores en sus chalecos, sin embargo, reitera que ninguno portaba armas de fuego.<\/p>\n\n\n\n<p>&#8220;El armamento de cargo asignado a los agentes permaneci\u00f3 en el exterior de la sede legislativa, resguardadas en las unidades utilizadas en el traslado, en custodia de elementos de apoyo al operativo desplegado&#8221;, dijo la Fiscal\u00eda en un reporte.<\/p>\n\n\n\n<p>El mi\u00e9rcoles decenas de presuntos simpatizantes de Movimiento Ciudadano violentaron la puerta principal del recinto que da al lobby de la sala de sesiones y luego entraron al sal\u00f3n del pleno donde causaron disturbios y detonaron un artefacto que emiti\u00f3 humo.<\/p>\n","protected":false},"excerpt":{"rendered":"<p>Monterrey . &#8211; El Ministerio P\u00fablico abri\u00f3 una carpeta de investigaci\u00f3n por los disturbios en el Congreso local durante la designaci\u00f3n de gobernador interino el mi\u00e9rcoles 29 de noviembre. La Fiscal\u00eda de Justicia inform\u00f3 que derivado de una denuncia por disturbios en el recinto del Congreso del Estado, elementos de la Agencia Estatal de Investigaciones [&hellip;]<\/p>\n","protected":false},"author":1,"featured_media":110499,"comment_status":"open","ping_status":"open","sticky":true,"template":"","format":"standard","meta":{"footnotes":""},"categories":[6,3],"tags":[],"_links":{"self":[{"href":"https:\/\/diariodigitalmx.com\/index.php\/wp-json\/wp\/v2\/posts\/110497"}],"collection":[{"href":"https:\/\/diariodigitalmx.com\/index.php\/wp-json\/wp\/v2\/posts"}],"about":[{"href":"https:\/\/diariodigitalmx.com\/index.php\/wp-json\/wp\/v2\/types\/post"}],"author":[{"embeddable":true,"href":"https:\/\/diariodigitalmx.com\/index.php\/wp-json\/wp\/v2\/users\/1"}],"replies":[{"embeddable":true,"href":"https:\/\/diariodigitalmx.com\/index.php\/wp-json\/wp\/v2\/comments?post=110497"}],"version-history":[{"count":1,"href":"https:\/\/diariodigitalmx.com\/index.php\/wp-json\/wp\/v2\/posts\/110497\/revisions"}],"predecessor-version":[{"id":110498,"href":"https:\/\/diariodigitalmx.com\/index.php\/wp-json\/wp\/v2\/posts\/110497\/revisions\/110498"}],"wp:featuredmedia":[{"embeddable":true,"href":"https:\/\/diariodigitalmx.com\/index.php\/wp-json\/wp\/v2\/media\/110499"}],"wp:attachment":[{"href":"https:\/\/diariodigitalmx.com\/index.php\/wp-json\/wp\/v2\/media?parent=110497"}],"wp:term":[{"taxonomy":"category","embeddable":true,"href":"https:\/\/diariodigitalmx.com\/index.php\/wp-json\/wp\/v2\/categories?post=110497"},{"taxonomy":"post_tag","embeddable":true,"href":"https:\/\/diariodigitalmx.com\/index.php\/wp-json\/wp\/v2\/tags?post=110497"}],"curies":[{"name":"wp","href":"https:\/\/api.w.org\/{rel}","templated":true}]}}