{"id":110500,"date":"2023-12-02T13:11:05","date_gmt":"2023-12-02T19:11:05","guid":{"rendered":"http:\/\/diariodigitalmx.com\/?p=110500"},"modified":"2023-12-02T13:11:48","modified_gmt":"2023-12-02T19:11:48","slug":"tenia-orozco-dos-eventos-y-no-los-realizo-no-le-hicieron-caso","status":"publish","type":"post","link":"https:\/\/diariodigitalmx.com\/index.php\/2023\/12\/02\/tenia-orozco-dos-eventos-y-no-los-realizo-no-le-hicieron-caso\/","title":{"rendered":"Ten\u00eda Orozco dos eventos y no los realiz\u00f3, no le hicieron caso"},"content":{"rendered":"\n<p>Monterrey . &#8211; Luis Enrique Orozco, no pudo realizar un par de actividades que ten\u00eda programadas para la ma\u00f1ana de este s\u00e1bado en su primer d\u00eda como gobernador interino.<\/p>\n\n\n\n<p>Ten\u00eda pase de revista con Fuerza Civil en el primer evento a las 7:00 pero no lo realiz\u00f3 porque en el Campo Policial N\u00famero 1 de Fuerza Civil,<br>ubicado sobe la Carretera a Laredo, en el municipio de Escobedo, le dijeron que no estaban enterados.<\/p>\n\n\n\n<p>Ah\u00ed le atendi\u00f3 el Comisario Gerardo Escamilla, quien le dio esa respuesta.<\/p>\n\n\n\n<p>Orozco confirm\u00f3 luego que no me atendieron porque nadie les inform\u00f3 que acudir\u00eda, aunque en la madrugada, dijo, tras asumir el cargo, le notific\u00f3 al Secretario e Seguridad P\u00fablica, Gerardo Palacios P\u00e1manes, que realizar\u00eda el pase de revista.<\/p>\n\n\n\n<p>Estuvo media hora y sali\u00f3 para ir a palacio de Gobierno a las 9:00 pero pas\u00f3 lo mismo, nadie lo atendi\u00f3, pues habr\u00eda pedido una reuni\u00f3n con Secretarios del gabinete, que no asistieron.<\/p>\n\n\n\n<p>Tambi\u00e9n dijo que hab\u00eda solicitado la reuni\u00f3n a trav\u00e9s del secretario de Gobierno, Javier Navarro, pero se\u00f1al\u00f3 que el palacio estaba cerrado y no observ\u00f3 a nadie.<\/p>\n\n\n\n<p>Adelant\u00f3 que continuar\u00e1 realizando sus funciones como Gobernador interino, ya que de no hacerlo caer\u00eda en un delito penal por no acatar la disposici\u00f3n ordenada por el Congreso local.<\/p>\n","protected":false},"excerpt":{"rendered":"<p>Monterrey . &#8211; Luis Enrique Orozco, no pudo realizar un par de actividades que ten\u00eda programadas para la ma\u00f1ana de este s\u00e1bado en su primer d\u00eda como gobernador interino. Ten\u00eda pase de revista con Fuerza Civil en el primer evento a las 7:00 pero no lo realiz\u00f3 porque en el Campo Policial N\u00famero 1 de [&hellip;]<\/p>\n","protected":false},"author":1,"featured_media":110502,"comment_status":"open","ping_status":"open","sticky":true,"template":"","format":"standard","meta":{"footnotes":""},"categories":[6,3],"tags":[],"_links":{"self":[{"href":"https:\/\/diariodigitalmx.com\/index.php\/wp-json\/wp\/v2\/posts\/110500"}],"collection":[{"href":"https:\/\/diariodigitalmx.com\/index.php\/wp-json\/wp\/v2\/posts"}],"about":[{"href":"https:\/\/diariodigitalmx.com\/index.php\/wp-json\/wp\/v2\/types\/post"}],"author":[{"embeddable":true,"href":"https:\/\/diariodigitalmx.com\/index.php\/wp-json\/wp\/v2\/users\/1"}],"replies":[{"embeddable":true,"href":"https:\/\/diariodigitalmx.com\/index.php\/wp-json\/wp\/v2\/comments?post=110500"}],"version-history":[{"count":1,"href":"https:\/\/diariodigitalmx.com\/index.php\/wp-json\/wp\/v2\/posts\/110500\/revisions"}],"predecessor-version":[{"id":110501,"href":"https:\/\/diariodigitalmx.com\/index.php\/wp-json\/wp\/v2\/posts\/110500\/revisions\/110501"}],"wp:featuredmedia":[{"embeddable":true,"href":"https:\/\/diariodigitalmx.com\/index.php\/wp-json\/wp\/v2\/media\/110502"}],"wp:attachment":[{"href":"https:\/\/diariodigitalmx.com\/index.php\/wp-json\/wp\/v2\/media?parent=110500"}],"wp:term":[{"taxonomy":"category","embeddable":true,"href":"https:\/\/diariodigitalmx.com\/index.php\/wp-json\/wp\/v2\/categories?post=110500"},{"taxonomy":"post_tag","embeddable":true,"href":"https:\/\/diariodigitalmx.com\/index.php\/wp-json\/wp\/v2\/tags?post=110500"}],"curies":[{"name":"wp","href":"https:\/\/api.w.org\/{rel}","templated":true}]}}