{"id":110510,"date":"2023-12-02T20:23:50","date_gmt":"2023-12-03T02:23:50","guid":{"rendered":"http:\/\/diariodigitalmx.com\/?p=110510"},"modified":"2023-12-02T20:24:30","modified_gmt":"2023-12-03T02:24:30","slug":"ahora-ira-samuel-en-el-2030-por-la-presidencia","status":"publish","type":"post","link":"https:\/\/diariodigitalmx.com\/index.php\/2023\/12\/02\/ahora-ira-samuel-en-el-2030-por-la-presidencia\/","title":{"rendered":"Ahora ir\u00e1 Samuel en el 2030 por la presidencia"},"content":{"rendered":"\n<p><br>Monterrey . &#8211; Samuel Garc\u00eda culp\u00f3 al PRIAN de haberlo bajado de la contienda presidencial, y adelant\u00f3 que el 2030 esta muy cerca, ya no lo van a poder bajar y que ganar\u00e1.<br>En un mensaje a trav\u00e9s de video en sus redes sociales, el gobernador con licencia hizo un reciente de sus 10 de precampa\u00f1a presidencial y asegur\u00f3 que en ese tiempo mand\u00f3 al PRIAN al tercer lugar \u00e9l se consolid\u00f3 en el segundo sitio.<br>Dijo que tembl\u00f3 el sistema &#8221; lo digo clb todas sus letras la vieja pol\u00edtica nos descarril\u00f3&#8221;.<br>&#8220;Desde Nuevo Le\u00f3n les mando un mensaje, se van a topar con pared a nivel nacional porque M\u00e9xico si tiene opci\u00f3n y es Movimiento Ciudadano &#8220;, a\u00f1adi\u00f3 y dio las gracias a Dante Delgado por el apoyo.<br>&#8220;Hoy esto apenas comienza, hoy les digo desde Nuevo Le\u00f3n que el 2030 esta muy cerca y ah\u00ed me van a tener, les vamos a ganar porque ya no me van a poder bajar, porque lo que hoy inici\u00f3 en todo M\u00e9xico est\u00e1 sacudiendo a las juventudes y nadie les para&#8221;.<br>Acus\u00f3 que cuando estaban a punto de negociar en Nuevo Le\u00f3n aparec\u00eda Alito Moreno del PRI y Marko Cort\u00e9s, del PAN y reventaba las negociaciones.<br>Asimismo delat\u00f3 que el PRIAN en Nuevo Le\u00f3n le ped\u00edan millones en el presupuesto, impunidad y que les limpiara los expedientes, que desistiera de las denuncias penales, quer\u00edan limpiarse fiscalmente, a\u00f1adi\u00f3.<\/p>\n","protected":false},"excerpt":{"rendered":"<p>Monterrey . &#8211; Samuel Garc\u00eda culp\u00f3 al PRIAN de haberlo bajado de la contienda presidencial, y adelant\u00f3 que el 2030 esta muy cerca, ya no lo van a poder bajar y que ganar\u00e1.En un mensaje a trav\u00e9s de video en sus redes sociales, el gobernador con licencia hizo un reciente de sus 10 de precampa\u00f1a [&hellip;]<\/p>\n","protected":false},"author":1,"featured_media":110512,"comment_status":"open","ping_status":"open","sticky":true,"template":"","format":"standard","meta":{"footnotes":""},"categories":[14,6],"tags":[],"_links":{"self":[{"href":"https:\/\/diariodigitalmx.com\/index.php\/wp-json\/wp\/v2\/posts\/110510"}],"collection":[{"href":"https:\/\/diariodigitalmx.com\/index.php\/wp-json\/wp\/v2\/posts"}],"about":[{"href":"https:\/\/diariodigitalmx.com\/index.php\/wp-json\/wp\/v2\/types\/post"}],"author":[{"embeddable":true,"href":"https:\/\/diariodigitalmx.com\/index.php\/wp-json\/wp\/v2\/users\/1"}],"replies":[{"embeddable":true,"href":"https:\/\/diariodigitalmx.com\/index.php\/wp-json\/wp\/v2\/comments?post=110510"}],"version-history":[{"count":1,"href":"https:\/\/diariodigitalmx.com\/index.php\/wp-json\/wp\/v2\/posts\/110510\/revisions"}],"predecessor-version":[{"id":110511,"href":"https:\/\/diariodigitalmx.com\/index.php\/wp-json\/wp\/v2\/posts\/110510\/revisions\/110511"}],"wp:featuredmedia":[{"embeddable":true,"href":"https:\/\/diariodigitalmx.com\/index.php\/wp-json\/wp\/v2\/media\/110512"}],"wp:attachment":[{"href":"https:\/\/diariodigitalmx.com\/index.php\/wp-json\/wp\/v2\/media?parent=110510"}],"wp:term":[{"taxonomy":"category","embeddable":true,"href":"https:\/\/diariodigitalmx.com\/index.php\/wp-json\/wp\/v2\/categories?post=110510"},{"taxonomy":"post_tag","embeddable":true,"href":"https:\/\/diariodigitalmx.com\/index.php\/wp-json\/wp\/v2\/tags?post=110510"}],"curies":[{"name":"wp","href":"https:\/\/api.w.org\/{rel}","templated":true}]}}