{"id":110574,"date":"2023-12-03T16:23:09","date_gmt":"2023-12-03T22:23:09","guid":{"rendered":"http:\/\/diariodigitalmx.com\/?p=110574"},"modified":"2023-12-03T16:24:21","modified_gmt":"2023-12-03T22:24:21","slug":"no-hay-desacato-ni-requiero-el-aval-del-congreso-para-volver-afirma-samuel-garcia-dice-que-buscara-a-orozco","status":"publish","type":"post","link":"https:\/\/diariodigitalmx.com\/index.php\/2023\/12\/03\/no-hay-desacato-ni-requiero-el-aval-del-congreso-para-volver-afirma-samuel-garcia-dice-que-buscara-a-orozco\/","title":{"rendered":"No hay desacato, ni requiero el aval del Congreso para volver, afirma Samuel Garc\u00eda; dice que buscar\u00e1 a Orozco"},"content":{"rendered":"\n<p>Monterrey . &#8211; Samuel Garc\u00eda reapareci\u00f3 con un evento al norte de la zona metropolitana y asegura que no necesita el aval del Congreso para retornar al cargo de gobernador, y que no incurre en desacato.<\/p>\n\n\n\n<p>Inform\u00f3 que ya le avis\u00f3 al Trife, a la Corte y al Congreso local de que reasume funciones y confi\u00f3 en que en las pr\u00f3ximas horas el interinato no quedar\u00e1.<\/p>\n\n\n\n<p>Tambi\u00e9n, dijo, buscar\u00e1 a Luis Enrique Orozco en las siguientes horas para avisarle de su regreso.<\/p>\n\n\n\n<p>En el evento donde arranc\u00f3 la reconstrucci\u00f3n de un oyente vehicular en el municipio de Escobedo, fue presentado como gobernador constitucional del Estado.<\/p>\n\n\n\n<p>Garc\u00eda habl\u00f3 con la prensa y reiter\u00f3 su postura de que no hay desacato, que no necesita al Congreso para que revoque la licencia.<\/p>\n\n\n\n<p>&#8220;No hay ninguna incertidumbre porque una licencia es un derecho humano de la persona, no es una obligaci\u00f3n. Cuando yo decid\u00ed no participar y no usar la licencia en autom\u00e1tico como gobernador constitucional reasumo funciones, desairo la licencia y eso es suficiente&#8221;.<\/p>\n\n\n\n<p>A\u00f1adi\u00f3 que los medios de comunicaci\u00f3n y pseudo abogados quieren inventar que hay dos gobernadores.<\/p>\n\n\n\n<p>&#8220;Decirle a todo Nuevo Le\u00f3n, no hay duda, van a querer inventar los medios, algunos pseudo abogados que hay dos Gobernadores, eso es mentira, la gente vot\u00f3 por Samuel Garc\u00eda Gobernador Constitucional, tengo licencia y decid\u00ed no usar&#8221;.<\/p>\n\n\n\n<p>Reiter\u00f3 que presuntamente el PRIAN le pidi\u00f3 y que tambi\u00e9n dijo en su mensaje del s\u00e1bado; dinero, expedientes limpios, no pagar impuestos, dijo tener una carta pero no fue m\u00e1s all\u00e1 de declaracionitis.<\/p>\n","protected":false},"excerpt":{"rendered":"<p>Monterrey . &#8211; Samuel Garc\u00eda reapareci\u00f3 con un evento al norte de la zona metropolitana y asegura que no necesita el aval del Congreso para retornar al cargo de gobernador, y que no incurre en desacato. Inform\u00f3 que ya le avis\u00f3 al Trife, a la Corte y al Congreso local de que reasume funciones y [&hellip;]<\/p>\n","protected":false},"author":1,"featured_media":110576,"comment_status":"open","ping_status":"open","sticky":true,"template":"","format":"standard","meta":{"footnotes":""},"categories":[6,5],"tags":[],"_links":{"self":[{"href":"https:\/\/diariodigitalmx.com\/index.php\/wp-json\/wp\/v2\/posts\/110574"}],"collection":[{"href":"https:\/\/diariodigitalmx.com\/index.php\/wp-json\/wp\/v2\/posts"}],"about":[{"href":"https:\/\/diariodigitalmx.com\/index.php\/wp-json\/wp\/v2\/types\/post"}],"author":[{"embeddable":true,"href":"https:\/\/diariodigitalmx.com\/index.php\/wp-json\/wp\/v2\/users\/1"}],"replies":[{"embeddable":true,"href":"https:\/\/diariodigitalmx.com\/index.php\/wp-json\/wp\/v2\/comments?post=110574"}],"version-history":[{"count":1,"href":"https:\/\/diariodigitalmx.com\/index.php\/wp-json\/wp\/v2\/posts\/110574\/revisions"}],"predecessor-version":[{"id":110575,"href":"https:\/\/diariodigitalmx.com\/index.php\/wp-json\/wp\/v2\/posts\/110574\/revisions\/110575"}],"wp:featuredmedia":[{"embeddable":true,"href":"https:\/\/diariodigitalmx.com\/index.php\/wp-json\/wp\/v2\/media\/110576"}],"wp:attachment":[{"href":"https:\/\/diariodigitalmx.com\/index.php\/wp-json\/wp\/v2\/media?parent=110574"}],"wp:term":[{"taxonomy":"category","embeddable":true,"href":"https:\/\/diariodigitalmx.com\/index.php\/wp-json\/wp\/v2\/categories?post=110574"},{"taxonomy":"post_tag","embeddable":true,"href":"https:\/\/diariodigitalmx.com\/index.php\/wp-json\/wp\/v2\/tags?post=110574"}],"curies":[{"name":"wp","href":"https:\/\/api.w.org\/{rel}","templated":true}]}}