{"id":110608,"date":"2023-12-04T17:27:21","date_gmt":"2023-12-04T23:27:21","guid":{"rendered":"http:\/\/diariodigitalmx.com\/?p=110608"},"modified":"2023-12-04T17:29:18","modified_gmt":"2023-12-04T23:29:18","slug":"los-libros-de-la-semana-4","status":"publish","type":"post","link":"https:\/\/diariodigitalmx.com\/index.php\/2023\/12\/04\/los-libros-de-la-semana-4\/","title":{"rendered":"Los libros de la semana"},"content":{"rendered":"\n<p>Gerson G\u00f3mez Salas <\/p>\n\n\n\n<p><strong>Pero qu\u00e9 maldita necedad de perder el amor de Luc\u00eda Y\u00e9pez<\/strong><\/p>\n\n\n\n<p>Luc\u00eda Y\u00e9pez utiliza el lenguaje de una forma intuitiva y sagaz. Pero qu\u00e9 maldita necedad de perder el amor sintetiza desde su primer verso la uni\u00f3n de lo sagrado y lo profano, el erotismo y la espiritualidad, la experimentaci\u00f3n sobre la forma del verso y nos ofrece, a lo largo del libro, una vasta construcci\u00f3n de im\u00e1genes literarias, neologismos, sonoridades y juegos visuales en los que retoma la fuerza primitiva del lenguaje oral, haci\u00e9ndose lugar sobre la hoja en blanco, segura de que este es su reino.<\/p>\n\n\n\n<p>Las palabras nunca parecen contener un solo significado ni un l\u00edmite preciso. La autora nos obliga a verlas desde distintos \u00e1ngulos, a escucharlas de otra forma, a bifurcarlas o apelmazarlas como si de una masa d\u00factil se tratara.<\/p>\n\n\n\n<figure class=\"wp-block-image size-full\"><img loading=\"lazy\" decoding=\"async\" width=\"320\" height=\"470\" src=\"http:\/\/diariodigitalmx.com\/wp-content\/uploads\/2023\/12\/Rock-del-Sonar_-PORTADA-320x470-1.jpg\" alt=\"\" class=\"wp-image-110611\" srcset=\"https:\/\/diariodigitalmx.com\/wp-content\/uploads\/2023\/12\/Rock-del-Sonar_-PORTADA-320x470-1.jpg 320w, https:\/\/diariodigitalmx.com\/wp-content\/uploads\/2023\/12\/Rock-del-Sonar_-PORTADA-320x470-1-204x300.jpg 204w\" sizes=\"(max-width: 320px) 100vw, 320px\" \/><\/figure>\n\n\n\n<p><strong>Rock del sonar de Mario Anteo<\/strong><\/p>\n\n\n\n<p>Fuera de la \u201cLiteratura de la onda\u201d y del movimiento \u201cbeat\u201d norteamericano, Rock del Sonar trata la enorme dificultad del actual m\u00fasico roquero para mantenerse en tal profesi\u00f3n, al menos en M\u00e9xico. Hay otra historia trenzada a la del roquero protagonista: el drama de una mujer que, no obstante sus recursos econ\u00f3micos y posici\u00f3n social, es inculta y \u201cpobre\u201d, ello hasta que descubre la magia del arte e, inspirada en el mundo del protagonista, decide cambiar su modo de vida. En medio de todo ello palpita el recuerdo del m\u00e1s espantoso drama familiar que el protagonista sobrelleva gracias al descubrimiento del rock en su adolescencia.<\/p>\n\n\n\n<p><strong>Calle para siempre de Armando Alan\u00eds Pulido<\/strong><\/p>\n\n\n\n<p>Armando Alan\u00eds Pulido, creador y operador de Acci\u00f3n Po\u00e9tica, nos entrega Calle para siempre, un libro fascinante en el que construye historias y poemas a partir de noticias reales o imaginarias en las que el personaje, cuyo nombre es el de la calle donde suceden, es actor principal, cronista o bardo que dialoga con la ciudad. En sus breves textos se puede degustar lo mismo a Alfonso Reyes, Diego de Montemayor o Fray Servando.<\/p>\n\n\n\n<p>Teresa de Mier, que a Eulalio Gonz\u00e1lez Piporro, en un ejercicio de interactuaci\u00f3n con el lector. Es todo un agasajo para los sentidos \u00abescuchar\u00bb conversaciones entre Benito Ju\u00e1rez, Eugenio Garza Sada y Jos\u00e9 Mar\u00eda Luis Mora, mientras se leen las fichas nemot\u00e9cnicas de Crist\u00f3bal Col\u00f3n, Jaime Nun\u00f3, Javier Mina, Melchor Ocampo, Silvestre Aramberri y Santiago Tapia, entre otros muchos.<\/p>\n\n\n\n<figure class=\"wp-block-image size-full\"><img loading=\"lazy\" decoding=\"async\" width=\"320\" height=\"480\" src=\"http:\/\/diariodigitalmx.com\/wp-content\/uploads\/2023\/12\/Aparecida-Los-vinculos-mas-intimos-320x480-1.jpg\" alt=\"\" class=\"wp-image-110613\" srcset=\"https:\/\/diariodigitalmx.com\/wp-content\/uploads\/2023\/12\/Aparecida-Los-vinculos-mas-intimos-320x480-1.jpg 320w, https:\/\/diariodigitalmx.com\/wp-content\/uploads\/2023\/12\/Aparecida-Los-vinculos-mas-intimos-320x480-1-200x300.jpg 200w\" sizes=\"(max-width: 320px) 100vw, 320px\" \/><\/figure>\n\n\n\n<p><strong>Aparecida \/ Los v\u00ednculos m\u00e1s \u00edntimos de Minerva Margarita Villarreal<\/strong><\/p>\n\n\n\n<p>De Aparecida a Los v\u00ednculos m\u00e1s \u00edntimos (libro p\u00f3stumo), Minerva Margarita Villarreal despliega una preocupaci\u00f3n social que ha alcanzado una madurez l\u00edrica de primer orden. El milagro toma cuerpo, y pesa. La realidad de todos los d\u00edas adquiere resonancias que nos proyectan y, a la vez, nos vulneran. Hay un registro desde la cercan\u00eda, siempre estremecedora, del fen\u00f3meno po\u00e9tico. La lectura de la realidad, desde esta experiencia est\u00e9tica, crea su propia realidad al expresarla. Aparecida es un rel\u00e1mpago que ilumina la noche; Los v\u00ednculos m\u00e1s \u00edntimos, una sucesi\u00f3n de truenos que la crispan y le otorgan voz. De la imagen continuada al mon\u00f3logo dram\u00e1tico, de la aparici\u00f3n que presupone el detenimiento a la expresi\u00f3n imparable de acontecimientos extremos.<\/p>\n\n\n\n<p>Este volumen de Minerva Margarita Villarreal nos presenta dos momentos fundamentales de su quehacer po\u00e9tico. Aparecida es un poema que se desprende de un imaginario que gusta de explorar zonas desde la orilla p\u00fablica. Los v\u00ednculos m\u00e1s \u00edntimos es un libro que se vuelca en un conjunto de historias y personajes que nos permiten vernos desde la intimidad m\u00e1s secreta, pero que en estos poemas se desnuda y exhibe. Un punto de gran decantaci\u00f3n y riesgo dentro de una obra po\u00e9tica cuya premisa fue y es -sobre todo- la verdad de su lirismo.<\/p>\n","protected":false},"excerpt":{"rendered":"<p>Gerson G\u00f3mez Salas Pero qu\u00e9 maldita necedad de perder el amor de Luc\u00eda Y\u00e9pez Luc\u00eda Y\u00e9pez utiliza el lenguaje de una forma intuitiva y sagaz. Pero qu\u00e9 maldita necedad de perder el amor sintetiza desde su primer verso la uni\u00f3n de lo sagrado y lo profano, el erotismo y la espiritualidad, la experimentaci\u00f3n sobre la [&hellip;]<\/p>\n","protected":false},"author":1,"featured_media":110610,"comment_status":"open","ping_status":"open","sticky":true,"template":"","format":"standard","meta":{"footnotes":""},"categories":[11,14],"tags":[],"_links":{"self":[{"href":"https:\/\/diariodigitalmx.com\/index.php\/wp-json\/wp\/v2\/posts\/110608"}],"collection":[{"href":"https:\/\/diariodigitalmx.com\/index.php\/wp-json\/wp\/v2\/posts"}],"about":[{"href":"https:\/\/diariodigitalmx.com\/index.php\/wp-json\/wp\/v2\/types\/post"}],"author":[{"embeddable":true,"href":"https:\/\/diariodigitalmx.com\/index.php\/wp-json\/wp\/v2\/users\/1"}],"replies":[{"embeddable":true,"href":"https:\/\/diariodigitalmx.com\/index.php\/wp-json\/wp\/v2\/comments?post=110608"}],"version-history":[{"count":3,"href":"https:\/\/diariodigitalmx.com\/index.php\/wp-json\/wp\/v2\/posts\/110608\/revisions"}],"predecessor-version":[{"id":110614,"href":"https:\/\/diariodigitalmx.com\/index.php\/wp-json\/wp\/v2\/posts\/110608\/revisions\/110614"}],"wp:featuredmedia":[{"embeddable":true,"href":"https:\/\/diariodigitalmx.com\/index.php\/wp-json\/wp\/v2\/media\/110610"}],"wp:attachment":[{"href":"https:\/\/diariodigitalmx.com\/index.php\/wp-json\/wp\/v2\/media?parent=110608"}],"wp:term":[{"taxonomy":"category","embeddable":true,"href":"https:\/\/diariodigitalmx.com\/index.php\/wp-json\/wp\/v2\/categories?post=110608"},{"taxonomy":"post_tag","embeddable":true,"href":"https:\/\/diariodigitalmx.com\/index.php\/wp-json\/wp\/v2\/tags?post=110608"}],"curies":[{"name":"wp","href":"https:\/\/api.w.org\/{rel}","templated":true}]}}