{"id":110620,"date":"2023-12-04T18:47:31","date_gmt":"2023-12-05T00:47:31","guid":{"rendered":"http:\/\/diariodigitalmx.com\/?p=110620"},"modified":"2023-12-04T18:48:55","modified_gmt":"2023-12-05T00:48:55","slug":"avanza-modernizacion-de-acueducto","status":"publish","type":"post","link":"https:\/\/diariodigitalmx.com\/index.php\/2023\/12\/04\/avanza-modernizacion-de-acueducto\/","title":{"rendered":"Avanza modernizaci\u00f3n de Acueducto"},"content":{"rendered":"\n<figure class=\"wp-block-image size-large\"><img loading=\"lazy\" decoding=\"async\" width=\"1024\" height=\"682\" src=\"http:\/\/diariodigitalmx.com\/wp-content\/uploads\/2023\/12\/IMG_20231204_184522_281-1024x682.webp\" alt=\"\" class=\"wp-image-110623\" srcset=\"https:\/\/diariodigitalmx.com\/wp-content\/uploads\/2023\/12\/IMG_20231204_184522_281-1024x682.webp 1024w, https:\/\/diariodigitalmx.com\/wp-content\/uploads\/2023\/12\/IMG_20231204_184522_281-300x200.webp 300w, https:\/\/diariodigitalmx.com\/wp-content\/uploads\/2023\/12\/IMG_20231204_184522_281-768x511.webp 768w, https:\/\/diariodigitalmx.com\/wp-content\/uploads\/2023\/12\/IMG_20231204_184522_281.webp 1080w\" sizes=\"(max-width: 1024px) 100vw, 1024px\" \/><\/figure>\n\n\n\n<p>La modernizaci\u00f3n integral de la Avenida Acueducto continua en Escobedo, tras avanzar en los trabajos de bacheo profundo, se inici\u00f3 la instalaci\u00f3n de carpeta asf\u00e1ltica en la zona.<\/p>\n\n\n\n<p>El Alcalde Andr\u00e9s Mijes junto a Martiniano Rueda, Secretario de Obras P\u00fablicas e Ignacio Hierro, Secretario de Desarrollo Urbano y Movilidad, supervisaron los trabajos de rehabilitaci\u00f3n que se est\u00e1n realizando a lo largo de 3 kil\u00f3metros de la Avenida Acueducto, en su tramo entre las Avenidas Sendero y Ra\u00fal Salinas.<\/p>\n\n\n\n<p>La obra contempla la rehabilitaci\u00f3n especifica de 30 mil metros cuadrados de pavimento, adem\u00e1s del recarpeteo de 82 mil&nbsp;&nbsp; 800 metros cuadrados de carpeta asf\u00e1ltica, \u00e9stos \u00faltimos comenzaron a ser colocados en la avenida y se ir\u00e1 avanzando conforme se tengan listos los trabaos de bacheo profundo.<\/p>\n\n\n\n<p>La inversi\u00f3n de la modernizaci\u00f3n de la Avenida Acueducto es de 70 millones 207 mil 900 pesos, la cual tambi\u00e9n incluye el cambio de se\u00f1al\u00e9tica, la actualizaci\u00f3n del sistema de semaforizaci\u00f3n y el alumbrado del lugar, apostando con ello a una mejora de la imagen urbana del se\u00f1alado sector.<\/p>\n\n\n\n<p>Los trabajos se realizar\u00e1n en ambos sentidos de la vialidad, para evitar molestias a la ciudadan\u00eda, para evitar mayores molestias a los conductores continuar\u00e1n los cierres parciales, es decir, que se tendr\u00e1n carriles libres que permitir\u00e1 el tr\u00e1nsito en el lugar.<\/p>\n\n\n\n<p>El objetivo de estas obras es reducir tiempos de traslados y el riesgo de accidentes viales.<\/p>\n","protected":false},"excerpt":{"rendered":"<p>La modernizaci\u00f3n integral de la Avenida Acueducto continua en Escobedo, tras avanzar en los trabajos de bacheo profundo, se inici\u00f3 la instalaci\u00f3n de carpeta asf\u00e1ltica en la zona. El Alcalde Andr\u00e9s Mijes junto a Martiniano Rueda, Secretario de Obras P\u00fablicas e Ignacio Hierro, Secretario de Desarrollo Urbano y Movilidad, supervisaron los trabajos de rehabilitaci\u00f3n que [&hellip;]<\/p>\n","protected":false},"author":1,"featured_media":110622,"comment_status":"open","ping_status":"open","sticky":true,"template":"","format":"standard","meta":{"footnotes":""},"categories":[14,6],"tags":[],"_links":{"self":[{"href":"https:\/\/diariodigitalmx.com\/index.php\/wp-json\/wp\/v2\/posts\/110620"}],"collection":[{"href":"https:\/\/diariodigitalmx.com\/index.php\/wp-json\/wp\/v2\/posts"}],"about":[{"href":"https:\/\/diariodigitalmx.com\/index.php\/wp-json\/wp\/v2\/types\/post"}],"author":[{"embeddable":true,"href":"https:\/\/diariodigitalmx.com\/index.php\/wp-json\/wp\/v2\/users\/1"}],"replies":[{"embeddable":true,"href":"https:\/\/diariodigitalmx.com\/index.php\/wp-json\/wp\/v2\/comments?post=110620"}],"version-history":[{"count":2,"href":"https:\/\/diariodigitalmx.com\/index.php\/wp-json\/wp\/v2\/posts\/110620\/revisions"}],"predecessor-version":[{"id":110625,"href":"https:\/\/diariodigitalmx.com\/index.php\/wp-json\/wp\/v2\/posts\/110620\/revisions\/110625"}],"wp:featuredmedia":[{"embeddable":true,"href":"https:\/\/diariodigitalmx.com\/index.php\/wp-json\/wp\/v2\/media\/110622"}],"wp:attachment":[{"href":"https:\/\/diariodigitalmx.com\/index.php\/wp-json\/wp\/v2\/media?parent=110620"}],"wp:term":[{"taxonomy":"category","embeddable":true,"href":"https:\/\/diariodigitalmx.com\/index.php\/wp-json\/wp\/v2\/categories?post=110620"},{"taxonomy":"post_tag","embeddable":true,"href":"https:\/\/diariodigitalmx.com\/index.php\/wp-json\/wp\/v2\/tags?post=110620"}],"curies":[{"name":"wp","href":"https:\/\/api.w.org\/{rel}","templated":true}]}}