{"id":110663,"date":"2023-12-05T09:35:45","date_gmt":"2023-12-05T15:35:45","guid":{"rendered":"http:\/\/diariodigitalmx.com\/?p=110663"},"modified":"2023-12-05T09:37:20","modified_gmt":"2023-12-05T15:37:20","slug":"el-clima-en-nuevo-leon","status":"publish","type":"post","link":"https:\/\/diariodigitalmx.com\/index.php\/2023\/12\/05\/el-clima-en-nuevo-leon\/","title":{"rendered":"El clima en Nuevo Le\u00f3n"},"content":{"rendered":"\n<p>\u00d3scar Tamez Rodr\u00edguez <\/p>\n\n\n\n<p>La forma en la cual se ha comportado la naturaleza en los recientes a\u00f1os es un aviso del da\u00f1o que se le causa con el modo en c\u00f3mo la tratamos los seres humanos.<\/p>\n\n\n\n<p>Tenemos sequ\u00edas, veranos ardientes y secos, primaveras y oto\u00f1os sin lluvias e inviernos calurosos; esto no es el clima original de la regi\u00f3n, lo estamos alterando y debemos poner atenci\u00f3n en el da\u00f1o porque los perjudicados seremos nosotros mismos.<\/p>\n\n\n\n<p>No se trata de catastrofismos ni de ser aves de mal ag\u00fcero, pero tenemos un problema serio y debemos entrar todos a su soluci\u00f3n pues todos lo sufrimos.<\/p>\n\n\n\n<p>Leyendo las cr\u00f3nicas de Alonso de Le\u00f3n publicadas por Israel Cavazos Garza en su libro Historia de Nuevo Le\u00f3n, reflexiono que ese clima es el que conoc\u00ed y en el cual crec\u00ed hasta finales del siglo XX.<\/p>\n\n\n\n<p>Alonso de Le\u00f3n escribe que su clima (el del Nuevo Reyno de Le\u00f3n, hoy Nuevo Le\u00f3n) es templado con tierra apropiada para el cultivo y la ganader\u00eda. Agrega: \u201cTiene invierno y verano, y esos con tanto extremo, que el uno es demasiado fr\u00edo, y el otro en extremo caliente\u201d.<\/p>\n\n\n\n<p>El calor de verano persiste a la actualidad, pero los inviernos fr\u00edos parecen haberse alejado de la regi\u00f3n. Recuerdo la infancia y hasta la adultez primera, los inviernos eran fr\u00edos y llegaban a excesos muy considerables.<\/p>\n\n\n\n<p>Por citar, en diciembre de 1983, el 24 del mes la temperatura baj\u00f3 hasta 10 grados bajo cero, recuerdo est\u00e1bamos en familia y desde las cinco o seis de la tarde, en la medida que avanzaba el reloj, disminu\u00eda la temperatura en un grado.<\/p>\n\n\n\n<p>Al siguiente d\u00eda hab\u00eda que ir a recorrer las huertas de naranja, el da\u00f1o inmenso, tal como reporta Alonso de Le\u00f3n, la nieve permanec\u00eda en los \u00e1rboles al d\u00eda siguiente de caer, en el caso de 1983, era lo que se denomina hielo negro, igual \u00e9ste segu\u00eda en los \u00e1rboles a los que da\u00f1\u00f3 irreparablemente.<\/p>\n\n\n\n<p>En 1985 repiti\u00f3 otra helada similar, de las chorreras en las casas colgaban estalactitas de hielo, agua que se congelaba al caer de los techos; recuerdo cruzar caminando el puente F\u00e9lix U G\u00f3mez a eso del 23 o 24 de diciembre, no hab\u00eda transporte urbano pues en ese sitio el hielo hab\u00eda convertido en patinadero la banqueta y el pavimento.<\/p>\n\n\n\n<p>Podemos hablar de la nevada (agua nieve le llaman algunos) de 1989 cuando estuvimos a eso de 4 o 5 grados bajo cero. Algo que resultaba cotidiano en los inviernos. Hoy d\u00eda tenemos a\u00f1os sin inviernos \u201ccrudos\u201d sin la presencia de la temperatura a bajo cero. Hace unos a\u00f1os hasta tuvimos temperaturas veraniegas la noche de a\u00f1o nuevo.<\/p>\n\n\n\n<p>Ha cambiado el clima que cita Alonso de Le\u00f3n, los septiembres no son tan llovedores que haga \u201ccrecer los r\u00edos\u201d. Tanto que tenemos al menos 4 o 5 a\u00f1os sin lluvias fuertes en septiembre.<\/p>\n\n\n\n<p>Nuestro clima ha cambiado, con ello las aguas pluviales y de mantos acu\u00edferos; la raz\u00f3n es variada, la tala de \u00e1rboles en zonas boscosas, la falta de siembra de \u00e9stos en las casas donde se encementan los patios y se clausuran espacios de absorci\u00f3n.<\/p>\n\n\n\n<p>La mancha urbana tiene una dimensi\u00f3n mayor a 65 kil\u00f3metros de norte a sur y casi igual de oriente a poniente; donde hab\u00eda \u00e1rboles, arroyos, r\u00edos o plantaciones, hoy tenemos un tendido de casas.<\/p>\n\n\n\n<p>Necesitamos replantear el progreso para empatarlo con la sostenibilidad, entender que no hay agua suficiente para el consumo que se demanda, comprender que entre m\u00e1s casas se hagan en las zonas verdes, menos \u00e1rboles nos quedan.<\/p>\n\n\n\n<p>Demanda la ciudad una ley de desarrollo urbano y ecol\u00f3gico que nos proteja de nosotros mismos, que cuide a los nuevoleoneses de los nuevoleoneses.<\/p>\n\n\n\n<p>A\u00fan podemos salvar el da\u00f1o, quiz\u00e1 sea tarde para revertirlo, pero s\u00ed podemos contener el deterioro.<\/p>\n\n\n\n<p><\/p>\n","protected":false},"excerpt":{"rendered":"<p>\u00d3scar Tamez Rodr\u00edguez La forma en la cual se ha comportado la naturaleza en los recientes a\u00f1os es un aviso del da\u00f1o que se le causa con el modo en c\u00f3mo la tratamos los seres humanos. Tenemos sequ\u00edas, veranos ardientes y secos, primaveras y oto\u00f1os sin lluvias e inviernos calurosos; esto no es el clima [&hellip;]<\/p>\n","protected":false},"author":1,"featured_media":110665,"comment_status":"open","ping_status":"open","sticky":true,"template":"","format":"standard","meta":{"footnotes":""},"categories":[12,5],"tags":[],"_links":{"self":[{"href":"https:\/\/diariodigitalmx.com\/index.php\/wp-json\/wp\/v2\/posts\/110663"}],"collection":[{"href":"https:\/\/diariodigitalmx.com\/index.php\/wp-json\/wp\/v2\/posts"}],"about":[{"href":"https:\/\/diariodigitalmx.com\/index.php\/wp-json\/wp\/v2\/types\/post"}],"author":[{"embeddable":true,"href":"https:\/\/diariodigitalmx.com\/index.php\/wp-json\/wp\/v2\/users\/1"}],"replies":[{"embeddable":true,"href":"https:\/\/diariodigitalmx.com\/index.php\/wp-json\/wp\/v2\/comments?post=110663"}],"version-history":[{"count":2,"href":"https:\/\/diariodigitalmx.com\/index.php\/wp-json\/wp\/v2\/posts\/110663\/revisions"}],"predecessor-version":[{"id":110666,"href":"https:\/\/diariodigitalmx.com\/index.php\/wp-json\/wp\/v2\/posts\/110663\/revisions\/110666"}],"wp:featuredmedia":[{"embeddable":true,"href":"https:\/\/diariodigitalmx.com\/index.php\/wp-json\/wp\/v2\/media\/110665"}],"wp:attachment":[{"href":"https:\/\/diariodigitalmx.com\/index.php\/wp-json\/wp\/v2\/media?parent=110663"}],"wp:term":[{"taxonomy":"category","embeddable":true,"href":"https:\/\/diariodigitalmx.com\/index.php\/wp-json\/wp\/v2\/categories?post=110663"},{"taxonomy":"post_tag","embeddable":true,"href":"https:\/\/diariodigitalmx.com\/index.php\/wp-json\/wp\/v2\/tags?post=110663"}],"curies":[{"name":"wp","href":"https:\/\/api.w.org\/{rel}","templated":true}]}}