{"id":110673,"date":"2023-12-05T14:27:10","date_gmt":"2023-12-05T20:27:10","guid":{"rendered":"http:\/\/diariodigitalmx.com\/?p=110673"},"modified":"2023-12-05T14:31:32","modified_gmt":"2023-12-05T20:31:32","slug":"promueven-emprendimientos-de-artesanos-en-nl","status":"publish","type":"post","link":"https:\/\/diariodigitalmx.com\/index.php\/2023\/12\/05\/promueven-emprendimientos-de-artesanos-en-nl\/","title":{"rendered":"Promueven emprendimientos de artesanos en NL"},"content":{"rendered":"\n<figure class=\"wp-block-image size-large\"><img loading=\"lazy\" decoding=\"async\" width=\"1024\" height=\"683\" src=\"http:\/\/diariodigitalmx.com\/wp-content\/uploads\/2023\/12\/356A4228-1024x683.jpg\" alt=\"\" class=\"wp-image-110676\" srcset=\"https:\/\/diariodigitalmx.com\/wp-content\/uploads\/2023\/12\/356A4228-1024x683.jpg 1024w, https:\/\/diariodigitalmx.com\/wp-content\/uploads\/2023\/12\/356A4228-300x200.jpg 300w, https:\/\/diariodigitalmx.com\/wp-content\/uploads\/2023\/12\/356A4228-768x512.jpg 768w, https:\/\/diariodigitalmx.com\/wp-content\/uploads\/2023\/12\/356A4228-1536x1024.jpg 1536w, https:\/\/diariodigitalmx.com\/wp-content\/uploads\/2023\/12\/356A4228-2048x1365.jpg 2048w\" sizes=\"(max-width: 1024px) 100vw, 1024px\" \/><\/figure>\n\n\n\n<p>MONTERREY, NL.- La Secretar\u00eda de Igualdad e Inclusi\u00f3n realiz\u00f3 el Mercado Artesanal de La Nueva Ruta para que emprendedoras y emprendedores que forman parte del padr\u00f3n de las personas atendidas den a conocer y ofrezcan sus productos, as\u00ed como acercarlos a clientes potenciales.<\/p>\n\n\n\n<p>Iniciativa a trav\u00e9s de la cual se buscan desarrollar y fortalecer las capacidades para que la poblaci\u00f3n en situaci\u00f3n de pobreza extrema pueda generar por s\u00ed misma ingresos recurrentes suficientes que le permitan cubrir sus necesidades b\u00e1sicas como alimentarias y no alimentarias.<\/p>\n\n\n\n<figure class=\"wp-block-gallery has-nested-images columns-default is-cropped wp-block-gallery-1 is-layout-flex wp-block-gallery-is-layout-flex\">\n<figure class=\"wp-block-image size-large\"><img loading=\"lazy\" decoding=\"async\" width=\"1024\" height=\"683\" data-id=\"110678\" src=\"http:\/\/diariodigitalmx.com\/wp-content\/uploads\/2023\/12\/356A4161-1024x683.jpg\" alt=\"\" class=\"wp-image-110678\" srcset=\"https:\/\/diariodigitalmx.com\/wp-content\/uploads\/2023\/12\/356A4161-1024x683.jpg 1024w, https:\/\/diariodigitalmx.com\/wp-content\/uploads\/2023\/12\/356A4161-300x200.jpg 300w, https:\/\/diariodigitalmx.com\/wp-content\/uploads\/2023\/12\/356A4161-768x512.jpg 768w, https:\/\/diariodigitalmx.com\/wp-content\/uploads\/2023\/12\/356A4161-1536x1024.jpg 1536w, https:\/\/diariodigitalmx.com\/wp-content\/uploads\/2023\/12\/356A4161-2048x1365.jpg 2048w\" sizes=\"(max-width: 1024px) 100vw, 1024px\" \/><\/figure>\n\n\n\n<figure class=\"wp-block-image size-large\"><img loading=\"lazy\" decoding=\"async\" width=\"1024\" height=\"683\" data-id=\"110679\" src=\"http:\/\/diariodigitalmx.com\/wp-content\/uploads\/2023\/12\/356A4129-1024x683.jpg\" alt=\"\" class=\"wp-image-110679\" srcset=\"https:\/\/diariodigitalmx.com\/wp-content\/uploads\/2023\/12\/356A4129-1024x683.jpg 1024w, https:\/\/diariodigitalmx.com\/wp-content\/uploads\/2023\/12\/356A4129-300x200.jpg 300w, https:\/\/diariodigitalmx.com\/wp-content\/uploads\/2023\/12\/356A4129-768x512.jpg 768w, https:\/\/diariodigitalmx.com\/wp-content\/uploads\/2023\/12\/356A4129-1536x1024.jpg 1536w, https:\/\/diariodigitalmx.com\/wp-content\/uploads\/2023\/12\/356A4129-2048x1365.jpg 2048w\" sizes=\"(max-width: 1024px) 100vw, 1024px\" \/><\/figure>\n\n\n\n<figure class=\"wp-block-image size-large\"><img loading=\"lazy\" decoding=\"async\" width=\"1024\" height=\"683\" data-id=\"110681\" src=\"http:\/\/diariodigitalmx.com\/wp-content\/uploads\/2023\/12\/356A4560-1024x683.jpg\" alt=\"\" class=\"wp-image-110681\" srcset=\"https:\/\/diariodigitalmx.com\/wp-content\/uploads\/2023\/12\/356A4560-1024x683.jpg 1024w, https:\/\/diariodigitalmx.com\/wp-content\/uploads\/2023\/12\/356A4560-300x200.jpg 300w, https:\/\/diariodigitalmx.com\/wp-content\/uploads\/2023\/12\/356A4560-768x512.jpg 768w, https:\/\/diariodigitalmx.com\/wp-content\/uploads\/2023\/12\/356A4560-1536x1024.jpg 1536w, https:\/\/diariodigitalmx.com\/wp-content\/uploads\/2023\/12\/356A4560-2048x1365.jpg 2048w\" sizes=\"(max-width: 1024px) 100vw, 1024px\" \/><\/figure>\n<\/figure>\n\n\n\n<p>El Mercado Artesanal de La Nueva Ruta se realiz\u00f3 en la Plaza C\u00edvica del Pabell\u00f3n Ciudadano en donde participaron m\u00e1s de 65 micro emprendedores invitados por diversos aliados de la Nueva Ruta, quienes ofrecieron gran variedad de productos artesanales y venta de especialidades gastron\u00f3micas, artesan\u00edas, reposter\u00eda, bisuter\u00eda, plantas para jard\u00edn, productos de belleza e higiene personal, snacks, masajes, productos frescos del campo, entre otros.<\/p>\n\n\n\n<p>Participaron personas de diversos grupos ind\u00edgenas, personas con discapacidad, personas adultas mayores, personas de comunidades rurales, personas de pobreza extrema, entre otros grupos vulnerables.<\/p>\n\n\n\n<figure class=\"wp-block-gallery has-nested-images columns-default is-cropped wp-block-gallery-2 is-layout-flex wp-block-gallery-is-layout-flex\">\n<figure class=\"wp-block-image size-large\"><img loading=\"lazy\" decoding=\"async\" width=\"1024\" height=\"683\" data-id=\"110683\" src=\"http:\/\/diariodigitalmx.com\/wp-content\/uploads\/2023\/12\/MURAL-5-1024x683.jpg\" alt=\"\" class=\"wp-image-110683\" srcset=\"https:\/\/diariodigitalmx.com\/wp-content\/uploads\/2023\/12\/MURAL-5-1024x683.jpg 1024w, https:\/\/diariodigitalmx.com\/wp-content\/uploads\/2023\/12\/MURAL-5-300x200.jpg 300w, https:\/\/diariodigitalmx.com\/wp-content\/uploads\/2023\/12\/MURAL-5-768x512.jpg 768w, https:\/\/diariodigitalmx.com\/wp-content\/uploads\/2023\/12\/MURAL-5-1536x1024.jpg 1536w, https:\/\/diariodigitalmx.com\/wp-content\/uploads\/2023\/12\/MURAL-5-2048x1365.jpg 2048w\" sizes=\"(max-width: 1024px) 100vw, 1024px\" \/><\/figure>\n<\/figure>\n\n\n\n<p>Como parte de las acciones implementadas en la V\u00eda de Ingreso y Trabajo se encuentra el apoyo a los proyectos de emprendimiento de personas en situaci\u00f3n de pobreza y vulnerabilidad a trav\u00e9s de tres v\u00edas de acci\u00f3n como la capacitaci\u00f3n y acompa\u00f1amiento, financiamiento para invertir en el negocio y vinculaci\u00f3n al mercado.<\/p>\n\n\n\n<p>A trav\u00e9s de la V\u00eda de Ingreso y Trabajo de \u201cLa Nueva Ruta: Incluir para ser Iguales\u201d, se han impulsado m\u00e1s de 500 proyectos productivos con capital semilla y alrededor de 6 mil emprendedores con acompa\u00f1amiento en formaci\u00f3n de habilidades para el emprendimiento y manejo de negocios.<\/p>\n","protected":false},"excerpt":{"rendered":"<p>MONTERREY, NL.- La Secretar\u00eda de Igualdad e Inclusi\u00f3n realiz\u00f3 el Mercado Artesanal de La Nueva Ruta para que emprendedoras y emprendedores que forman parte del padr\u00f3n de las personas atendidas den a conocer y ofrezcan sus productos, as\u00ed como acercarlos a clientes potenciales. Iniciativa a trav\u00e9s de la cual se buscan desarrollar y fortalecer las [&hellip;]<\/p>\n","protected":false},"author":1,"featured_media":110675,"comment_status":"open","ping_status":"open","sticky":true,"template":"","format":"standard","meta":{"footnotes":""},"categories":[14,6],"tags":[],"_links":{"self":[{"href":"https:\/\/diariodigitalmx.com\/index.php\/wp-json\/wp\/v2\/posts\/110673"}],"collection":[{"href":"https:\/\/diariodigitalmx.com\/index.php\/wp-json\/wp\/v2\/posts"}],"about":[{"href":"https:\/\/diariodigitalmx.com\/index.php\/wp-json\/wp\/v2\/types\/post"}],"author":[{"embeddable":true,"href":"https:\/\/diariodigitalmx.com\/index.php\/wp-json\/wp\/v2\/users\/1"}],"replies":[{"embeddable":true,"href":"https:\/\/diariodigitalmx.com\/index.php\/wp-json\/wp\/v2\/comments?post=110673"}],"version-history":[{"count":4,"href":"https:\/\/diariodigitalmx.com\/index.php\/wp-json\/wp\/v2\/posts\/110673\/revisions"}],"predecessor-version":[{"id":110685,"href":"https:\/\/diariodigitalmx.com\/index.php\/wp-json\/wp\/v2\/posts\/110673\/revisions\/110685"}],"wp:featuredmedia":[{"embeddable":true,"href":"https:\/\/diariodigitalmx.com\/index.php\/wp-json\/wp\/v2\/media\/110675"}],"wp:attachment":[{"href":"https:\/\/diariodigitalmx.com\/index.php\/wp-json\/wp\/v2\/media?parent=110673"}],"wp:term":[{"taxonomy":"category","embeddable":true,"href":"https:\/\/diariodigitalmx.com\/index.php\/wp-json\/wp\/v2\/categories?post=110673"},{"taxonomy":"post_tag","embeddable":true,"href":"https:\/\/diariodigitalmx.com\/index.php\/wp-json\/wp\/v2\/tags?post=110673"}],"curies":[{"name":"wp","href":"https:\/\/api.w.org\/{rel}","templated":true}]}}