{"id":110686,"date":"2023-12-05T14:39:20","date_gmt":"2023-12-05T20:39:20","guid":{"rendered":"http:\/\/diariodigitalmx.com\/?p=110686"},"modified":"2023-12-05T14:42:48","modified_gmt":"2023-12-05T20:42:48","slug":"decoran-monterrey-y-artistas-locales-con-arte-urbano-calles-de-la-ciudad","status":"publish","type":"post","link":"https:\/\/diariodigitalmx.com\/index.php\/2023\/12\/05\/decoran-monterrey-y-artistas-locales-con-arte-urbano-calles-de-la-ciudad\/","title":{"rendered":"Decoran Monterrey y artistas locales con arte urbano calles de la Ciudad"},"content":{"rendered":"\n<figure class=\"wp-block-image size-large\"><img loading=\"lazy\" decoding=\"async\" width=\"1024\" height=\"683\" src=\"http:\/\/diariodigitalmx.com\/wp-content\/uploads\/2023\/12\/MURAL-1-1-1024x683.jpg\" alt=\"\" class=\"wp-image-110689\" srcset=\"https:\/\/diariodigitalmx.com\/wp-content\/uploads\/2023\/12\/MURAL-1-1-1024x683.jpg 1024w, https:\/\/diariodigitalmx.com\/wp-content\/uploads\/2023\/12\/MURAL-1-1-300x200.jpg 300w, https:\/\/diariodigitalmx.com\/wp-content\/uploads\/2023\/12\/MURAL-1-1-768x512.jpg 768w, https:\/\/diariodigitalmx.com\/wp-content\/uploads\/2023\/12\/MURAL-1-1-1536x1024.jpg 1536w, https:\/\/diariodigitalmx.com\/wp-content\/uploads\/2023\/12\/MURAL-1-1-2048x1365.jpg 2048w\" sizes=\"(max-width: 1024px) 100vw, 1024px\" \/><\/figure>\n\n\n\n<p>Como parte del proyecto Revive el Centro, el Gobierno de Monterrey a trav\u00e9s del Instituto de la Juventud Regia (Injure), realiz\u00f3 el concurso \u201cMuraleando\u201d, con el que busca llenar de arte las calles del primer cuadro de la Ciudad.<\/p>\n\n\n\n<p>Durante los primeros tres d\u00edas de diciembre, 20 artistas locales plasmaron su obra en paredes de la zona.<\/p>\n\n\n\n<figure class=\"wp-block-image size-large\"><img loading=\"lazy\" decoding=\"async\" width=\"1024\" height=\"683\" src=\"http:\/\/diariodigitalmx.com\/wp-content\/uploads\/2023\/12\/MURAL-3-1024x683.jpg\" alt=\"\" class=\"wp-image-110692\" srcset=\"https:\/\/diariodigitalmx.com\/wp-content\/uploads\/2023\/12\/MURAL-3-1024x683.jpg 1024w, https:\/\/diariodigitalmx.com\/wp-content\/uploads\/2023\/12\/MURAL-3-300x200.jpg 300w, https:\/\/diariodigitalmx.com\/wp-content\/uploads\/2023\/12\/MURAL-3-768x512.jpg 768w, https:\/\/diariodigitalmx.com\/wp-content\/uploads\/2023\/12\/MURAL-3-1536x1024.jpg 1536w, https:\/\/diariodigitalmx.com\/wp-content\/uploads\/2023\/12\/MURAL-3-2048x1365.jpg 2048w\" sizes=\"(max-width: 1024px) 100vw, 1024px\" \/><\/figure>\n\n\n\n<p>En la primera fase del concurso se recibieron 66 bocetos, de los cuales se seleccionaron 20.<\/p>\n\n\n\n<p>Al tener seleccionados a los artistas, se les fue asignado a trav\u00e9s de un sorteo, el espacio para la realizaci\u00f3n del mural. Cada uno recibi\u00f3 un paquete de pinturas seg\u00fan la solicitud del propio concursante.<\/p>\n\n\n\n<figure class=\"wp-block-image size-large\"><img loading=\"lazy\" decoding=\"async\" width=\"1024\" height=\"683\" src=\"http:\/\/diariodigitalmx.com\/wp-content\/uploads\/2023\/12\/MURAL-2-1024x683.jpg\" alt=\"\" class=\"wp-image-110695\" srcset=\"https:\/\/diariodigitalmx.com\/wp-content\/uploads\/2023\/12\/MURAL-2-1024x683.jpg 1024w, https:\/\/diariodigitalmx.com\/wp-content\/uploads\/2023\/12\/MURAL-2-300x200.jpg 300w, https:\/\/diariodigitalmx.com\/wp-content\/uploads\/2023\/12\/MURAL-2-768x512.jpg 768w, https:\/\/diariodigitalmx.com\/wp-content\/uploads\/2023\/12\/MURAL-2-1536x1024.jpg 1536w, https:\/\/diariodigitalmx.com\/wp-content\/uploads\/2023\/12\/MURAL-2-2048x1365.jpg 2048w\" sizes=\"(max-width: 1024px) 100vw, 1024px\" \/><\/figure>\n\n\n\n<p>Luego, otro jurado conformado por integrantes de agrupaciones como 360 Spray Paint, recorri\u00f3 cada mural para revisar la creatividad, tem\u00e1tica, mensaje, dominio de color, de la forma, limpieza y armon\u00eda.<\/p>\n\n\n\n<p>Los ganadores quienes recibieron un est\u00edmulo econ\u00f3mico fueron:<\/p>\n\n\n\n<p>Primer lugar: Efra\u00edn Yeudiel con la obra \u201cLos Borrados\u201d<br>Segundo lugar: Tom\u00e1s Vinalay con \u201cMelod\u00eda Norte\u00f1a\u201d<br>Tercer lugar: Esa\u00fa Torres con la pintura titulada \u201cJalas o qu\u00e9\u201d<\/p>\n\n\n\n<p>Las obras de \u201cMuraleando\u201d se pueden observar en:<\/p>\n\n\n\n<p>Calle Arteaga, entre Venustiano Carranza y Mart\u00edn de Zavala.<br>Miguel Nieto, entre Francisco I. Madero y Arteaga.<br>Matamoros, entre Seraf\u00edn Pe\u00f1a y Juan Aldama.<br>Ruperto Mart\u00ednez, entre Emiliano Carranza y Mariano<\/p>\n","protected":false},"excerpt":{"rendered":"<p>Como parte del proyecto Revive el Centro, el Gobierno de Monterrey a trav\u00e9s del Instituto de la Juventud Regia (Injure), realiz\u00f3 el concurso \u201cMuraleando\u201d, con el que busca llenar de arte las calles del primer cuadro de la Ciudad. Durante los primeros tres d\u00edas de diciembre, 20 artistas locales plasmaron su obra en paredes de [&hellip;]<\/p>\n","protected":false},"author":1,"featured_media":110688,"comment_status":"open","ping_status":"open","sticky":true,"template":"","format":"standard","meta":{"footnotes":""},"categories":[11,14],"tags":[],"_links":{"self":[{"href":"https:\/\/diariodigitalmx.com\/index.php\/wp-json\/wp\/v2\/posts\/110686"}],"collection":[{"href":"https:\/\/diariodigitalmx.com\/index.php\/wp-json\/wp\/v2\/posts"}],"about":[{"href":"https:\/\/diariodigitalmx.com\/index.php\/wp-json\/wp\/v2\/types\/post"}],"author":[{"embeddable":true,"href":"https:\/\/diariodigitalmx.com\/index.php\/wp-json\/wp\/v2\/users\/1"}],"replies":[{"embeddable":true,"href":"https:\/\/diariodigitalmx.com\/index.php\/wp-json\/wp\/v2\/comments?post=110686"}],"version-history":[{"count":4,"href":"https:\/\/diariodigitalmx.com\/index.php\/wp-json\/wp\/v2\/posts\/110686\/revisions"}],"predecessor-version":[{"id":110696,"href":"https:\/\/diariodigitalmx.com\/index.php\/wp-json\/wp\/v2\/posts\/110686\/revisions\/110696"}],"wp:featuredmedia":[{"embeddable":true,"href":"https:\/\/diariodigitalmx.com\/index.php\/wp-json\/wp\/v2\/media\/110688"}],"wp:attachment":[{"href":"https:\/\/diariodigitalmx.com\/index.php\/wp-json\/wp\/v2\/media?parent=110686"}],"wp:term":[{"taxonomy":"category","embeddable":true,"href":"https:\/\/diariodigitalmx.com\/index.php\/wp-json\/wp\/v2\/categories?post=110686"},{"taxonomy":"post_tag","embeddable":true,"href":"https:\/\/diariodigitalmx.com\/index.php\/wp-json\/wp\/v2\/tags?post=110686"}],"curies":[{"name":"wp","href":"https:\/\/api.w.org\/{rel}","templated":true}]}}