{"id":110700,"date":"2023-12-05T22:12:16","date_gmt":"2023-12-06T04:12:16","guid":{"rendered":"http:\/\/diariodigitalmx.com\/?p=110700"},"modified":"2023-12-05T22:13:40","modified_gmt":"2023-12-06T04:13:40","slug":"rinden-homenaje-ciudadano-al-padre-mier","status":"publish","type":"post","link":"https:\/\/diariodigitalmx.com\/index.php\/2023\/12\/05\/rinden-homenaje-ciudadano-al-padre-mier\/","title":{"rendered":"Rinden &#8220;Homenaje Ciudadano&#8221; al Padre Mier"},"content":{"rendered":"\n<p>Monterrey.- Al cumplirse 196 a\u00f1os de la muerte del c\u00e9lebre regiomontano Servando Teresa de Mier y al mismo tiempo 20 a\u00f1os del traslado de su monumento centenario a la Gran Plaza, diversas organizaciones civiles le realizaron un Homenaje Ciudadano.<\/p>\n\n\n\n<p>Fray Servando o bien, el Padre Mier, naci\u00f3 en Monterrey donde hizo sus primeros estudios, que continu\u00f3 en la ciudad de M\u00e9xico.<br>Fue dos veces Diputado por Nuevo Le\u00f3n y muere el 3 de diciembre de 1827, hace 196 a\u00f1os.<\/p>\n\n\n\n<p>El historiador Raymundo Hern\u00e1ndez Alvarado record\u00f3 el origen y evoluci\u00f3n de la estatua del pr\u00f3cer ante la cual se realiz\u00f3 la ceremonia.<\/p>\n\n\n\n<p>El cronista Juvencio Carrizales Torres evoc\u00f3 la figura de Fray Servando como el m\u00e1s universal de los regiomontanos y record\u00f3 su participaci\u00f3n como precursor y promotor de la independencia y al consumarse \u00e9sta, su papel como legislador en el origen del sistema rep\u00fablicano.<\/p>\n\n\n\n<p>Carrizales Torres fue uno de los promotores para que que se hiciera el traslado hace 20 a\u00f1os de la estatua hacia este sitio, al tiempo que promov\u00eda instalar otro monumento al Padre Mier en el Municipio de Mier y Noriega, obra es del escultor Federico Cant\u00fa Fabila.<\/p>\n\n\n\n<figure class=\"wp-block-image size-full\"><img loading=\"lazy\" decoding=\"async\" width=\"768\" height=\"1024\" src=\"http:\/\/diariodigitalmx.com\/wp-content\/uploads\/2023\/12\/IMG-20231204-WA0019.jpg\" alt=\"\" class=\"wp-image-110704\" srcset=\"https:\/\/diariodigitalmx.com\/wp-content\/uploads\/2023\/12\/IMG-20231204-WA0019.jpg 768w, https:\/\/diariodigitalmx.com\/wp-content\/uploads\/2023\/12\/IMG-20231204-WA0019-225x300.jpg 225w\" sizes=\"(max-width: 768px) 100vw, 768px\" \/><\/figure>\n\n\n\n<p>Por su parte Abel Moreno L\u00f3pez, presidente de Cadena Ciudadana de la Cultura y coordinador del evento record\u00f3 la \u00e9poca y circunstancias en que se dio el origen de la republica y demas bicentenarios que se conmemoran actualmente, haciendo hincapi\u00e9 en eventos pol\u00edticos de 1823, 1923 y el actual 2023.<\/p>\n\n\n\n<p>Dijo Moreno L\u00f3pez, que en este homenaje ciudadano a uno de los padres de la Rep\u00fablica, no pod\u00eda dejar de se\u00f1alarse los hechos bochornosos de nuestra actual situaci\u00f3n pol\u00edtica, afirmando que el legado de Fray servando que siempre luch\u00f3 contra el fanatismo, debe ser tomado como ejemplo, e hizo un llamado a los actores pol\u00edticos para atender los valores democr\u00e1ticos, la cordura, la tolerancia y a la civilidad pol\u00edtica.<\/p>\n\n\n\n<p>Finalmente el abogado Ernesto Villarreal Landeros, de la Asociaci\u00f3n de Nacional de Abogados Democr\u00e1ticos propuso al gobierno la correcci\u00f3n de las placas del monumento para que se aprecie la iniciativa de la masoner\u00eda para erigir el monumento en homenaje a Fray Servando.<\/p>\n\n\n\n<p>Las asociaciones representadas en el acto fueron: Cadena Ciudadana de la Cultura, Asociaci\u00f3n de Historiadores y Cronistas Padre Mier, Generaciones Unidas de la Cultura, Red de Organizaciones de la Sociedad Civil, Fundaci\u00f3n Delfines, Asociaci\u00f3n Hagamos m\u00e1s por M\u00e9xico, Fundaci\u00f3n Nueva Castilla, Rama, A.C., Colegio de Abogados Advocatti, Asociaci\u00f3n Nacional de Abogados Deocr\u00e1ticos y Fundaci\u00f3n para el Desarrollo del Sur de Nuevo Le\u00f3n.<\/p>\n","protected":false},"excerpt":{"rendered":"<p>Monterrey.- Al cumplirse 196 a\u00f1os de la muerte del c\u00e9lebre regiomontano Servando Teresa de Mier y al mismo tiempo 20 a\u00f1os del traslado de su monumento centenario a la Gran Plaza, diversas organizaciones civiles le realizaron un Homenaje Ciudadano. Fray Servando o bien, el Padre Mier, naci\u00f3 en Monterrey donde hizo sus primeros estudios, que [&hellip;]<\/p>\n","protected":false},"author":1,"featured_media":110702,"comment_status":"open","ping_status":"open","sticky":true,"template":"","format":"standard","meta":{"footnotes":""},"categories":[11,14],"tags":[],"_links":{"self":[{"href":"https:\/\/diariodigitalmx.com\/index.php\/wp-json\/wp\/v2\/posts\/110700"}],"collection":[{"href":"https:\/\/diariodigitalmx.com\/index.php\/wp-json\/wp\/v2\/posts"}],"about":[{"href":"https:\/\/diariodigitalmx.com\/index.php\/wp-json\/wp\/v2\/types\/post"}],"author":[{"embeddable":true,"href":"https:\/\/diariodigitalmx.com\/index.php\/wp-json\/wp\/v2\/users\/1"}],"replies":[{"embeddable":true,"href":"https:\/\/diariodigitalmx.com\/index.php\/wp-json\/wp\/v2\/comments?post=110700"}],"version-history":[{"count":2,"href":"https:\/\/diariodigitalmx.com\/index.php\/wp-json\/wp\/v2\/posts\/110700\/revisions"}],"predecessor-version":[{"id":110705,"href":"https:\/\/diariodigitalmx.com\/index.php\/wp-json\/wp\/v2\/posts\/110700\/revisions\/110705"}],"wp:featuredmedia":[{"embeddable":true,"href":"https:\/\/diariodigitalmx.com\/index.php\/wp-json\/wp\/v2\/media\/110702"}],"wp:attachment":[{"href":"https:\/\/diariodigitalmx.com\/index.php\/wp-json\/wp\/v2\/media?parent=110700"}],"wp:term":[{"taxonomy":"category","embeddable":true,"href":"https:\/\/diariodigitalmx.com\/index.php\/wp-json\/wp\/v2\/categories?post=110700"},{"taxonomy":"post_tag","embeddable":true,"href":"https:\/\/diariodigitalmx.com\/index.php\/wp-json\/wp\/v2\/tags?post=110700"}],"curies":[{"name":"wp","href":"https:\/\/api.w.org\/{rel}","templated":true}]}}