{"id":110709,"date":"2023-12-05T22:27:06","date_gmt":"2023-12-06T04:27:06","guid":{"rendered":"http:\/\/diariodigitalmx.com\/?p=110709"},"modified":"2023-12-05T22:28:26","modified_gmt":"2023-12-06T04:28:26","slug":"7-mil-corredores-promoveran-el-cuidado-de-chipinque","status":"publish","type":"post","link":"https:\/\/diariodigitalmx.com\/index.php\/2023\/12\/05\/7-mil-corredores-promoveran-el-cuidado-de-chipinque\/","title":{"rendered":"7 mil corredores promover\u00e1n el cuidado de Chipinque"},"content":{"rendered":"\n<p>Por: Ra\u00fal E. Guevara Ortiz.- Buscando crear conciencia sobre el cuidado de la flora y la fauna del Parque Chipinque, ser\u00e1 el objetivo principal de la edici\u00f3n 23 de la Carrera Duendes Del Valle, que espera contar con una participaci\u00f3n de 7 mil corredores.<\/p>\n\n\n\n<p>El evento que bajo el lema \u201cescucha y ayuda a la naturaleza\u201d se llevar\u00e1 a cabo el domingo 10 de marzo del a\u00f1o 2024, y se desarrollar\u00e1 en las distancias de 5 y 10 kil\u00f3metros, donde podr\u00e1 inscribirse desde las categor\u00edas infantiles hasta las personas adultas mayores.<\/p>\n\n\n\n<p>\u201cNuestro objetivo como club es promover el deporte sano, el deporte en familia, promover los valores como sociedad, pare eso estamos haciendo con mucho entusiasmo esta carrera, la cual ser\u00e1 en beneficio del Parque Ecol\u00f3gico Chipinque\u201d, coment\u00f3 Hiram Garc\u00eda, presidente del Club Duendes Del Valle.<\/p>\n\n\n\n<figure class=\"wp-block-image size-large\"><img loading=\"lazy\" decoding=\"async\" width=\"683\" height=\"1024\" src=\"http:\/\/diariodigitalmx.com\/wp-content\/uploads\/2023\/12\/IMG_1957-683x1024.jpg\" alt=\"\" class=\"wp-image-110713\" srcset=\"https:\/\/diariodigitalmx.com\/wp-content\/uploads\/2023\/12\/IMG_1957-683x1024.jpg 683w, https:\/\/diariodigitalmx.com\/wp-content\/uploads\/2023\/12\/IMG_1957-200x300.jpg 200w, https:\/\/diariodigitalmx.com\/wp-content\/uploads\/2023\/12\/IMG_1957-768x1152.jpg 768w, https:\/\/diariodigitalmx.com\/wp-content\/uploads\/2023\/12\/IMG_1957-1024x1536.jpg 1024w, https:\/\/diariodigitalmx.com\/wp-content\/uploads\/2023\/12\/IMG_1957-1365x2048.jpg 1365w, https:\/\/diariodigitalmx.com\/wp-content\/uploads\/2023\/12\/IMG_1957-scaled.jpg 1707w\" sizes=\"(max-width: 683px) 100vw, 683px\" \/><\/figure>\n\n\n\n<p>\u201cEste a\u00f1o 2023 que estamos concluyendo, estrenamos circuito en el sector Valle Oriente, con la intenci\u00f3n de tener un poco m\u00e1s de libertad y de hacer cosas muchas m\u00e1s interesantes, quit\u00e1ndole un poco de peso a la Calzada Del Valle, ya que ah\u00ed tambi\u00e9n se realiza San Pedro de Pinta, por lo cual la carrera del 2024 se llevar\u00e1 a cabo en nuestro nuevo circuito\u201d, comento Luis Enrique Montenegro, Director de la Carrera.<\/p>\n\n\n\n<p>Como parte del compromiso social del Club Duendes Del Valle, su directiva hizo entrega a la Casa Hogar Sim\u00f3n de Betania el donativo de 50 mil pesos recaudado a trav\u00e9s de las inscripciones de la edici\u00f3n 2023.<\/p>\n\n\n\n<p>Los interesados en participar dentro de la edici\u00f3n 23 de la Carrera Duendes Del Valle 2024, podr\u00e1n solicitar su inscripci\u00f3n al portal: www.trotime.com con un costo de 400 pesos, pero quienes se inscriban esta semana pagaran 350 pesos.<\/p>\n","protected":false},"excerpt":{"rendered":"<p>Por: Ra\u00fal E. Guevara Ortiz.- Buscando crear conciencia sobre el cuidado de la flora y la fauna del Parque Chipinque, ser\u00e1 el objetivo principal de la edici\u00f3n 23 de la Carrera Duendes Del Valle, que espera contar con una participaci\u00f3n de 7 mil corredores. El evento que bajo el lema \u201cescucha y ayuda a la [&hellip;]<\/p>\n","protected":false},"author":1,"featured_media":110711,"comment_status":"open","ping_status":"open","sticky":true,"template":"","format":"standard","meta":{"footnotes":""},"categories":[8,14],"tags":[],"_links":{"self":[{"href":"https:\/\/diariodigitalmx.com\/index.php\/wp-json\/wp\/v2\/posts\/110709"}],"collection":[{"href":"https:\/\/diariodigitalmx.com\/index.php\/wp-json\/wp\/v2\/posts"}],"about":[{"href":"https:\/\/diariodigitalmx.com\/index.php\/wp-json\/wp\/v2\/types\/post"}],"author":[{"embeddable":true,"href":"https:\/\/diariodigitalmx.com\/index.php\/wp-json\/wp\/v2\/users\/1"}],"replies":[{"embeddable":true,"href":"https:\/\/diariodigitalmx.com\/index.php\/wp-json\/wp\/v2\/comments?post=110709"}],"version-history":[{"count":2,"href":"https:\/\/diariodigitalmx.com\/index.php\/wp-json\/wp\/v2\/posts\/110709\/revisions"}],"predecessor-version":[{"id":110714,"href":"https:\/\/diariodigitalmx.com\/index.php\/wp-json\/wp\/v2\/posts\/110709\/revisions\/110714"}],"wp:featuredmedia":[{"embeddable":true,"href":"https:\/\/diariodigitalmx.com\/index.php\/wp-json\/wp\/v2\/media\/110711"}],"wp:attachment":[{"href":"https:\/\/diariodigitalmx.com\/index.php\/wp-json\/wp\/v2\/media?parent=110709"}],"wp:term":[{"taxonomy":"category","embeddable":true,"href":"https:\/\/diariodigitalmx.com\/index.php\/wp-json\/wp\/v2\/categories?post=110709"},{"taxonomy":"post_tag","embeddable":true,"href":"https:\/\/diariodigitalmx.com\/index.php\/wp-json\/wp\/v2\/tags?post=110709"}],"curies":[{"name":"wp","href":"https:\/\/api.w.org\/{rel}","templated":true}]}}