{"id":11071,"date":"2019-09-01T15:55:43","date_gmt":"2019-09-01T20:55:43","guid":{"rendered":"http:\/\/diariodigitalmx.com\/?p=11071"},"modified":"2019-09-01T15:56:21","modified_gmt":"2019-09-01T20:56:21","slug":"van-diputados-contra-sancion-a-el-bronco-por-las-firmas-no-asistio-el-gobernador-a-la-apertura-del-periodo-ordinario-del-congreso","status":"publish","type":"post","link":"https:\/\/diariodigitalmx.com\/index.php\/2019\/09\/01\/van-diputados-contra-sancion-a-el-bronco-por-las-firmas-no-asistio-el-gobernador-a-la-apertura-del-periodo-ordinario-del-congreso\/","title":{"rendered":"Van diputados contra sanci\u00f3n a El Bronco por las firmas; no asisti\u00f3 el gobernador a la apertura del periodo ordinario del Congreso"},"content":{"rendered":"\n<p>David Casas<\/p>\n\n\n\n<p>Monterrey, N. L- El Bronco no asisti\u00f3 a la apertura del per\u00edodo del Congreso Local donde los diputados establecieron sus prioridades entre ellas sancionarlo por el asuntos de las firmas cuando busc\u00f3 la Presidencia de la Rep\u00fablica.<br><\/p>\n\n\n\n<p>Luis Donaldo Colosio,&nbsp; coordinador de la bancada de MC,&nbsp; dijo que no encubrir\u00e1n ni ser\u00e1n comparsas de nadie por lo que ir\u00e1n hasta las \u00faltimas consecuencias para sancionar al gobernador y funcionarios tal y como lo orden\u00f3 la autoridad electoral.<br><\/p>\n\n\n\n<p>&#8220;Pugnaremos por cumplir con la exigencia de autoridades jurisdiccionales de resolver el expediente derivado del procedimiento sancionador electoral que involucra al gobernador y dem\u00e1s servidores p\u00fablicos&#8221;.<br><\/p>\n\n\n\n<p>El coordinador de los diputados del PAN, Carlos de la Fuente, adelant\u00f3 que aplicar\u00e1n la sanci\u00f3n ordenada contra el gobernador, sobre todo porque, al distraerse de su labor como Ejecutivo estatal por ir a su &#8220;desastrosa aventura&#8221; por la Presidencia,&nbsp; descuid\u00f3 al Estado y le sumi\u00f3 en una par\u00e1lisis que tiene paradas obras como el Metro, los hospitales y la construcci\u00f3n de m\u00e1s escuelas.<br><\/p>\n\n\n\n<p>Ivonne Bustos, del Partido Verde puntualiz\u00f3 que los ciudadanos esperan que el Congreso aplique las sanciones al Ejecutivo y lo har\u00e1n actuando con responsabilidad.<br><\/p>\n\n\n\n<p>&#8220;Es \u00e9sta una situaci\u00f3n que por su relevancia estamos analizando de manera muy responsable y que habremos de llevar a cabo de la mano de la ciudadan\u00eda, que es qui\u00e9n eligi\u00f3 al Gobernador por una amplia ventaja e indiscutible mayor\u00eda, y es esa misma ciudadan\u00eda a qui\u00e9n tambi\u00e9n debemos escuchar durante la resoluci\u00f3n de este tema de profunda relevancia para Nuevo Le\u00f3n&#8221;.<br><\/p>\n\n\n\n<p>A su vez, Dolores Leal, del PANAL previo una&nbsp; ruptura entre el Congreso y el Ejecutivo al abordarse temas importantes y sin&nbsp; referirse a la sanci\u00f3n que deber\u00e1n establecer al Bronco, dijo que cuando la discusi\u00f3n ocurra, su bancada estar\u00e1 del lado de lo legal.<br><\/p>\n\n\n\n<p>El Partido del Trabajo propuso concretar la revocaci\u00f3n de mandato y acciones en favor de la educaci\u00f3n, la salud y los grupos vulnerables.<br><\/p>\n\n\n\n<p>&#8220;Impulsaremos en segunda vuelta la revocaci\u00f3n de mandato para que adquiera rango constitucional, adem\u00e1s proponemos el refer\u00e9ndum, el plebiscito, el presupuesto participativo y la afirmativa ficta, entre otros mecanismos de participaci\u00f3n ciudadana&#8221;, explic\u00f3 la diputada del PT, Esperanza Rodr\u00edguez.<br><\/p>\n\n\n\n<p>Los legisladores del PRI, MORENA y Encuentro Social tambi\u00e9n se pronunciaron por la Ley de Movilidad y todos establecieron la necesidad de terminar con la violencia hacia la mujer.<br><\/p>\n\n\n\n<p>En representaci\u00f3n del gobernador asisti\u00f3 el secretario general de Gobierno, Manuel Gonz\u00e1lez.&nbsp;<\/p>\n\n\n\n<p><\/p>\n\n\n\n<p><\/p>\n\n\n\n<p><\/p>\n\n\n\n<p><\/p>\n\n\n\n<p><\/p>\n\n\n\n<p><\/p>\n\n\n\n<p><\/p>\n\n\n\n<p><\/p>\n\n\n\n<p><\/p>\n\n\n\n<p><\/p>\n\n\n\n<p><\/p>\n\n\n\n<p><\/p>\n\n\n\n<p><\/p>\n","protected":false},"excerpt":{"rendered":"<p>David Casas Monterrey, N. L- El Bronco no asisti\u00f3 a la apertura del per\u00edodo del Congreso Local donde los diputados establecieron sus prioridades entre ellas sancionarlo por el asuntos de las firmas cuando busc\u00f3 la Presidencia de la Rep\u00fablica. Luis Donaldo Colosio,&nbsp; coordinador de la bancada de MC,&nbsp; dijo que no encubrir\u00e1n ni ser\u00e1n comparsas [&hellip;]<\/p>\n","protected":false},"author":1,"featured_media":11073,"comment_status":"open","ping_status":"open","sticky":true,"template":"","format":"standard","meta":{"footnotes":""},"categories":[6],"tags":[],"_links":{"self":[{"href":"https:\/\/diariodigitalmx.com\/index.php\/wp-json\/wp\/v2\/posts\/11071"}],"collection":[{"href":"https:\/\/diariodigitalmx.com\/index.php\/wp-json\/wp\/v2\/posts"}],"about":[{"href":"https:\/\/diariodigitalmx.com\/index.php\/wp-json\/wp\/v2\/types\/post"}],"author":[{"embeddable":true,"href":"https:\/\/diariodigitalmx.com\/index.php\/wp-json\/wp\/v2\/users\/1"}],"replies":[{"embeddable":true,"href":"https:\/\/diariodigitalmx.com\/index.php\/wp-json\/wp\/v2\/comments?post=11071"}],"version-history":[{"count":1,"href":"https:\/\/diariodigitalmx.com\/index.php\/wp-json\/wp\/v2\/posts\/11071\/revisions"}],"predecessor-version":[{"id":11072,"href":"https:\/\/diariodigitalmx.com\/index.php\/wp-json\/wp\/v2\/posts\/11071\/revisions\/11072"}],"wp:featuredmedia":[{"embeddable":true,"href":"https:\/\/diariodigitalmx.com\/index.php\/wp-json\/wp\/v2\/media\/11073"}],"wp:attachment":[{"href":"https:\/\/diariodigitalmx.com\/index.php\/wp-json\/wp\/v2\/media?parent=11071"}],"wp:term":[{"taxonomy":"category","embeddable":true,"href":"https:\/\/diariodigitalmx.com\/index.php\/wp-json\/wp\/v2\/categories?post=11071"},{"taxonomy":"post_tag","embeddable":true,"href":"https:\/\/diariodigitalmx.com\/index.php\/wp-json\/wp\/v2\/tags?post=11071"}],"curies":[{"name":"wp","href":"https:\/\/api.w.org\/{rel}","templated":true}]}}