{"id":110731,"date":"2023-12-06T14:00:53","date_gmt":"2023-12-06T20:00:53","guid":{"rendered":"http:\/\/diariodigitalmx.com\/?p=110731"},"modified":"2023-12-06T14:01:50","modified_gmt":"2023-12-06T20:01:50","slug":"anuncia-melissa-diaz-precandidatura-del-pan-a-la-alcaldia-de-el-carmen","status":"publish","type":"post","link":"https:\/\/diariodigitalmx.com\/index.php\/2023\/12\/06\/anuncia-melissa-diaz-precandidatura-del-pan-a-la-alcaldia-de-el-carmen\/","title":{"rendered":"Anuncia Melissa D\u00edaz precandidatura del PAN a la alcald\u00eda de El Carmen"},"content":{"rendered":"\n<p>A unos d\u00edas de que el Comit\u00e9 Directivo Estatal del PAN de Nuevo Le\u00f3n, emita la convocatoria para el registro de aspirantes a las candidaturas de alcaldes y diputados locales, la panista Melissa D\u00edaz Trevi\u00f1o anunci\u00f3 que participar\u00e1 en el proceso interno.<br>Esta ser\u00eda la segunda ocasi\u00f3n en que Melissa D\u00edaz, esposa de quien fuera dos veces alcalde Gerardo de la Maza Villarreal, contendr\u00e1 en unos comicios, ya que en el a\u00f1o 2021 se postul\u00f3 bajo las siglas del Partido Acci\u00f3n Nacional en contra del actual alcalde Humberto Medina.<br>Conocido como \u201cRocco\u201d, el mun\u00edcipe llego al cargo postulado por la coalici\u00f3n Juntos Haremos Historia en Nuevo Le\u00f3n integrada por Morena y los partidos Verde Ecologista, Del Trabajo y el desaparecido Nueva Alianza, para posteriormente ser uno de los alcaldes en abrazar las siglas de Movimiento Ciudadano.<br>Melissa D\u00edaz abogada de profesi\u00f3n, egresada de la Facultad de Derecho y Criminolog\u00eda de la Universidad Aut\u00f3noma de Nuevo Le\u00f3n, es militante activa del PAN y de acuerdo a sus posturas en diversos temas compartidas a simpatizantes, militares y seguidores panistas, buscar\u00e1 revertir la situaci\u00f3n tan preocupante que atraviesa el municipio de El Carmen.<br>De acuerdo a diversas encuestas de intenci\u00f3n del voto, D\u00edaz Trevi\u00f1o es quien entre la militancia panista es la mejor posicionada para poder recuperar la alcald\u00eda.<br>La convocatoria para el registro de precandidaturas a alcald\u00edas ser\u00e1 emitida por el Comit\u00e9 Ejecutivo Nacional y los comit\u00e9s estatales respectivos, al ser el proceso de renovaci\u00f3n de ayuntamientos, congresos y nueve gubernaturas, concurrentes con la elecci\u00f3n a la Presidencia de la Rep\u00fablica, el Senado y la C\u00e1mara de Diputados Federal.<\/p>\n","protected":false},"excerpt":{"rendered":"<p>A unos d\u00edas de que el Comit\u00e9 Directivo Estatal del PAN de Nuevo Le\u00f3n, emita la convocatoria para el registro de aspirantes a las candidaturas de alcaldes y diputados locales, la panista Melissa D\u00edaz Trevi\u00f1o anunci\u00f3 que participar\u00e1 en el proceso interno.Esta ser\u00eda la segunda ocasi\u00f3n en que Melissa D\u00edaz, esposa de quien fuera dos [&hellip;]<\/p>\n","protected":false},"author":1,"featured_media":110733,"comment_status":"open","ping_status":"open","sticky":true,"template":"","format":"standard","meta":{"footnotes":""},"categories":[14,6],"tags":[],"_links":{"self":[{"href":"https:\/\/diariodigitalmx.com\/index.php\/wp-json\/wp\/v2\/posts\/110731"}],"collection":[{"href":"https:\/\/diariodigitalmx.com\/index.php\/wp-json\/wp\/v2\/posts"}],"about":[{"href":"https:\/\/diariodigitalmx.com\/index.php\/wp-json\/wp\/v2\/types\/post"}],"author":[{"embeddable":true,"href":"https:\/\/diariodigitalmx.com\/index.php\/wp-json\/wp\/v2\/users\/1"}],"replies":[{"embeddable":true,"href":"https:\/\/diariodigitalmx.com\/index.php\/wp-json\/wp\/v2\/comments?post=110731"}],"version-history":[{"count":1,"href":"https:\/\/diariodigitalmx.com\/index.php\/wp-json\/wp\/v2\/posts\/110731\/revisions"}],"predecessor-version":[{"id":110732,"href":"https:\/\/diariodigitalmx.com\/index.php\/wp-json\/wp\/v2\/posts\/110731\/revisions\/110732"}],"wp:featuredmedia":[{"embeddable":true,"href":"https:\/\/diariodigitalmx.com\/index.php\/wp-json\/wp\/v2\/media\/110733"}],"wp:attachment":[{"href":"https:\/\/diariodigitalmx.com\/index.php\/wp-json\/wp\/v2\/media?parent=110731"}],"wp:term":[{"taxonomy":"category","embeddable":true,"href":"https:\/\/diariodigitalmx.com\/index.php\/wp-json\/wp\/v2\/categories?post=110731"},{"taxonomy":"post_tag","embeddable":true,"href":"https:\/\/diariodigitalmx.com\/index.php\/wp-json\/wp\/v2\/tags?post=110731"}],"curies":[{"name":"wp","href":"https:\/\/api.w.org\/{rel}","templated":true}]}}