{"id":110738,"date":"2023-12-06T17:19:07","date_gmt":"2023-12-06T23:19:07","guid":{"rendered":"http:\/\/diariodigitalmx.com\/?p=110738"},"modified":"2023-12-06T17:23:15","modified_gmt":"2023-12-06T23:23:15","slug":"es-un-hecho-tesla-en-nl-reafirma-gobierno-ya-tiene-los-permisos","status":"publish","type":"post","link":"https:\/\/diariodigitalmx.com\/index.php\/2023\/12\/06\/es-un-hecho-tesla-en-nl-reafirma-gobierno-ya-tiene-los-permisos\/","title":{"rendered":"Es un hecho Tesla en NL, reafirma Gobierno; ya tiene los permisos"},"content":{"rendered":"\n<figure class=\"wp-block-video\"><video controls src=\"http:\/\/diariodigitalmx.com\/wp-content\/uploads\/2023\/12\/5mrqBf3puGVU74DM.mp4\"><\/video><\/figure>\n\n\n\n<p>Monterrey . &#8211; Tesla ya tiene el terreno y los permisos federales y estatales en regla, y es un hecho que la mega factor y se construir\u00e1 en Nuevo Le\u00f3n, inform\u00f3 el secretario de Econom\u00eda del gobierno estatal, Iv\u00e1n Rivas.<br>Al participar en el an\u00e1lisis de la Glosa del segundo informe de Gobierno realizado en el Congreso Local, el funcionario respondi\u00f3 entre otros cuestionamientos a temas relacionados con Telsa.<\/p>\n\n\n\n<p>El funcionario estatal fue cuestionado por Carlos de la Fuente, l\u00edder de la fracci\u00f3n del PAN, sobre declaraciones de Elon Musk, due\u00f1o de Tesla, en el sentido de que esa f\u00e1brica estar\u00e1 en Texas y no en Nuevo Le\u00f3n.<br>Diputados como el panista Carlos de la Fuente le mostraron preocupaci\u00f3n por la planta en Nuevo Le\u00f3n y que, a juicio del diputado, se ir\u00eda a Texas, lo que neg\u00f3 el titular de Econom\u00eda.<\/p>\n\n\n\n<p>&#8220;La giga factoy de Austin que t\u00fa dec\u00edas que iba a ser la primer giga factory, esa ya est\u00e1 construida desde hace dos a\u00f1os, pero la giga factory en Nuevo Le\u00f3n est\u00e1 en un proceso, de alguna manera, ya de instalaci\u00f3n. Ellos ya tienen el terreno comprado, ya tienen tambi\u00e9n el proceso de permisos federales y estatales en regla y entonces nada m\u00e1s es una cuesti\u00f3n de qu\u00e9 ya decidan ellos hacer esta inversi\u00f3n&#8221;, explic\u00f3 el funcionario.<\/p>\n\n\n\n<p>&#8220;Tenemos una muy buena comunicaci\u00f3n con los ejecutivos de Tesla en donde constantemente estamos platicando con ellos, y esto en breve ser\u00e1 en la primera piedra, en resumen, Tesla si viene en Nuevo Le\u00f3n y ser\u00e1 una gran f\u00e1brica, ser\u00e1 la gu\u00eda factory m\u00e1s grande del mundo y ser\u00e1 la que m\u00e1s tecnolog\u00eda e innovaci\u00f3n pueda permear y la que pueda atraer m\u00e1s empleos de mejor calidad&#8221;, abund\u00f3 Rivas.<\/p>\n\n\n\n<p>Tesla si viene a Nuevo Le\u00f3n, la inversi\u00f3n se concretara y no es solamente un anunci\u00f3, se\u00f1al\u00f3 el secretario de Econom\u00eda estatal.<\/p>\n","protected":false},"excerpt":{"rendered":"<p>Monterrey . &#8211; Tesla ya tiene el terreno y los permisos federales y estatales en regla, y es un hecho que la mega factor y se construir\u00e1 en Nuevo Le\u00f3n, inform\u00f3 el secretario de Econom\u00eda del gobierno estatal, Iv\u00e1n Rivas.Al participar en el an\u00e1lisis de la Glosa del segundo informe de Gobierno realizado en el [&hellip;]<\/p>\n","protected":false},"author":1,"featured_media":110742,"comment_status":"open","ping_status":"open","sticky":true,"template":"","format":"standard","meta":{"footnotes":""},"categories":[10,3],"tags":[],"_links":{"self":[{"href":"https:\/\/diariodigitalmx.com\/index.php\/wp-json\/wp\/v2\/posts\/110738"}],"collection":[{"href":"https:\/\/diariodigitalmx.com\/index.php\/wp-json\/wp\/v2\/posts"}],"about":[{"href":"https:\/\/diariodigitalmx.com\/index.php\/wp-json\/wp\/v2\/types\/post"}],"author":[{"embeddable":true,"href":"https:\/\/diariodigitalmx.com\/index.php\/wp-json\/wp\/v2\/users\/1"}],"replies":[{"embeddable":true,"href":"https:\/\/diariodigitalmx.com\/index.php\/wp-json\/wp\/v2\/comments?post=110738"}],"version-history":[{"count":2,"href":"https:\/\/diariodigitalmx.com\/index.php\/wp-json\/wp\/v2\/posts\/110738\/revisions"}],"predecessor-version":[{"id":110745,"href":"https:\/\/diariodigitalmx.com\/index.php\/wp-json\/wp\/v2\/posts\/110738\/revisions\/110745"}],"wp:featuredmedia":[{"embeddable":true,"href":"https:\/\/diariodigitalmx.com\/index.php\/wp-json\/wp\/v2\/media\/110742"}],"wp:attachment":[{"href":"https:\/\/diariodigitalmx.com\/index.php\/wp-json\/wp\/v2\/media?parent=110738"}],"wp:term":[{"taxonomy":"category","embeddable":true,"href":"https:\/\/diariodigitalmx.com\/index.php\/wp-json\/wp\/v2\/categories?post=110738"},{"taxonomy":"post_tag","embeddable":true,"href":"https:\/\/diariodigitalmx.com\/index.php\/wp-json\/wp\/v2\/tags?post=110738"}],"curies":[{"name":"wp","href":"https:\/\/api.w.org\/{rel}","templated":true}]}}