{"id":110790,"date":"2023-12-07T00:15:52","date_gmt":"2023-12-07T06:15:52","guid":{"rendered":"http:\/\/diariodigitalmx.com\/?p=110790"},"modified":"2023-12-07T00:18:57","modified_gmt":"2023-12-07T06:18:57","slug":"dilema-ecologico-de-elegir-arbol-de-navidadnatural-o-artificial","status":"publish","type":"post","link":"https:\/\/diariodigitalmx.com\/index.php\/2023\/12\/07\/dilema-ecologico-de-elegir-arbol-de-navidadnatural-o-artificial\/","title":{"rendered":"Dilema ecol\u00f3gico de elegir \u00e1rbol de Navidad:\u00bfnatural o artificial?"},"content":{"rendered":"\n<p>*Terminados los festejos son desechados<\/p>\n\n\n\n<p>Charlas de Taberna<\/p>\n\n\n\n<p>Marcos H. Valerio<\/p>\n\n\n\n<p>Uno de los momentos m\u00e1s esperados y divertidos del a\u00f1o es cuando se coloca el \u00e1rbol de Navidad, aunque poco pensamos en su impacto ambiental. Existen regiones de bosque en todo el pa\u00eds dedicadas a satisfacer la demanda nacional de estos adornos decembrinos. Ah\u00ed, los productores venden ejemplares certificados bajo el compromiso de que sembrar\u00e1n lo talado a fin de evitar la deforestaci\u00f3n.<\/p>\n\n\n\n<p>\u201cPara este prop\u00f3sito se utilizan con\u00edferas, usualmente del g\u00e9nero Pinus por su color y aroma, o abetos, que tienen un verde m\u00e1s oscuro en sus hojas y ramas m\u00e1s pegadas, lo que permite colgar m\u00e1s cosas. Estas plantas de tallo le\u00f1oso no s\u00f3lo producen ox\u00edgeno, sino mantienen la humedad del entorno, algo que en \u00e9pocas de sequ\u00eda es \u00fatil\u201d, afirma la catedr\u00e1tica del Instituto de Ecolog\u00eda de la UNAM, Daniel Pi\u00f1ero Dalmau.<\/p>\n\n\n\n<figure class=\"wp-block-image size-large\"><img loading=\"lazy\" decoding=\"async\" width=\"1024\" height=\"576\" src=\"http:\/\/diariodigitalmx.com\/wp-content\/uploads\/2023\/12\/IMG-20231206-WA0095-1024x576.jpg\" alt=\"\" class=\"wp-image-110793\" srcset=\"https:\/\/diariodigitalmx.com\/wp-content\/uploads\/2023\/12\/IMG-20231206-WA0095-1024x576.jpg 1024w, https:\/\/diariodigitalmx.com\/wp-content\/uploads\/2023\/12\/IMG-20231206-WA0095-300x169.jpg 300w, https:\/\/diariodigitalmx.com\/wp-content\/uploads\/2023\/12\/IMG-20231206-WA0095-768x432.jpg 768w, https:\/\/diariodigitalmx.com\/wp-content\/uploads\/2023\/12\/IMG-20231206-WA0095-1536x864.jpg 1536w, https:\/\/diariodigitalmx.com\/wp-content\/uploads\/2023\/12\/IMG-20231206-WA0095.jpg 1600w\" sizes=\"(max-width: 1024px) 100vw, 1024px\" \/><\/figure>\n\n\n\n<p>A decir de la Secretar\u00eda de Medio Ambiente y Recursos Naturales, durante el tiempo que los \u00e1rboles est\u00e1n en la plantaci\u00f3n, entre cinco y diez a\u00f1os, sirven de refugio para animales, ayudan a la recuperaci\u00f3n del suelo, facilitan la filtraci\u00f3n de agua, capturan carbono y, por tanto, ayudan a mitigar el cambio clim\u00e1tico.<\/p>\n\n\n\n<p>Sin embargo, tambi\u00e9n pueden generar impactos ambientales negativos en tres momentos: en su producci\u00f3n debido a la gran cantidad de fertilizantes usados para promover su crecimiento, dichas sustancias generan di\u00f3xido de carbono que va a la atm\u00f3sfera.<\/p>\n\n\n\n<figure class=\"wp-block-image size-large\"><img loading=\"lazy\" decoding=\"async\" width=\"1024\" height=\"576\" src=\"http:\/\/diariodigitalmx.com\/wp-content\/uploads\/2023\/12\/IMG-20231206-WA0098-1024x576.jpg\" alt=\"\" class=\"wp-image-110795\" srcset=\"https:\/\/diariodigitalmx.com\/wp-content\/uploads\/2023\/12\/IMG-20231206-WA0098-1024x576.jpg 1024w, https:\/\/diariodigitalmx.com\/wp-content\/uploads\/2023\/12\/IMG-20231206-WA0098-300x169.jpg 300w, https:\/\/diariodigitalmx.com\/wp-content\/uploads\/2023\/12\/IMG-20231206-WA0098-768x432.jpg 768w, https:\/\/diariodigitalmx.com\/wp-content\/uploads\/2023\/12\/IMG-20231206-WA0098-1536x864.jpg 1536w, https:\/\/diariodigitalmx.com\/wp-content\/uploads\/2023\/12\/IMG-20231206-WA0098.jpg 1600w\" sizes=\"(max-width: 1024px) 100vw, 1024px\" \/><\/figure>\n\n\n\n<p>\u201cDebemos utilizar, aprovechar y gozar la naturaleza. Lo ideal es mantener los ecosistemas y su diversidad de forma permanente, por lo que si optamos por un \u00e1rbol natural lo mejor es que al t\u00e9rmino de su vida \u00fatil sea usado como fertilizante en la agroecolog\u00eda\u201d, indica Pi\u00f1ero Dalmau.<\/p>\n\n\n\n<p>Seg\u00fan el espacio asignado, tambi\u00e9n podemos optar por un \u00e1rbol en maceta, adornarlo con esferas y disfrutar de \u00e9l hasta por una d\u00e9cada.<\/p>\n\n\n\n<figure class=\"wp-block-image size-large\"><img loading=\"lazy\" decoding=\"async\" width=\"1024\" height=\"575\" src=\"http:\/\/diariodigitalmx.com\/wp-content\/uploads\/2023\/12\/IMG-20231206-WA0096-1024x575.jpg\" alt=\"\" class=\"wp-image-110798\" srcset=\"https:\/\/diariodigitalmx.com\/wp-content\/uploads\/2023\/12\/IMG-20231206-WA0096-1024x575.jpg 1024w, https:\/\/diariodigitalmx.com\/wp-content\/uploads\/2023\/12\/IMG-20231206-WA0096-300x168.jpg 300w, https:\/\/diariodigitalmx.com\/wp-content\/uploads\/2023\/12\/IMG-20231206-WA0096-768x431.jpg 768w, https:\/\/diariodigitalmx.com\/wp-content\/uploads\/2023\/12\/IMG-20231206-WA0096-1536x862.jpg 1536w, https:\/\/diariodigitalmx.com\/wp-content\/uploads\/2023\/12\/IMG-20231206-WA0096.jpg 1600w\" sizes=\"(max-width: 1024px) 100vw, 1024px\" \/><\/figure>\n\n\n\n<p>En caso de elegir uno artificial, para disminuir su impacto ambiental debemos usarlo muchos a\u00f1os, ya que en su fabricaci\u00f3n se utiliza metal cubierto con una pel\u00edcula pl\u00e1stica de policloruro de vinilo (PVC) que genera impactos ambientales negativos durante su producci\u00f3n y disposici\u00f3n final.<\/p>\n\n\n\n<p>Fabricar un \u00e1rbol navide\u00f1o de pl\u00e1stico, explica Carlos Antonio Rius Alonso, de la Facultad de Qu\u00edmica de la UNAM, comienza por generar una pel\u00edcula de PVC obtenida mediante un proceso llamado \u201ccalandrado\u201d, lo cual se logra con una m\u00e1quina que pasa una impresi\u00f3n en PVC para sublimaci\u00f3n. De esta forma se pueden generar de 10 a 20 toneladas de dicho material al d\u00eda.<\/p>\n\n\n\n<figure class=\"wp-block-image size-large\"><img loading=\"lazy\" decoding=\"async\" width=\"1024\" height=\"576\" src=\"http:\/\/diariodigitalmx.com\/wp-content\/uploads\/2023\/12\/IMG-20231206-WA0094-1024x576.jpg\" alt=\"\" class=\"wp-image-110800\" srcset=\"https:\/\/diariodigitalmx.com\/wp-content\/uploads\/2023\/12\/IMG-20231206-WA0094-1024x576.jpg 1024w, https:\/\/diariodigitalmx.com\/wp-content\/uploads\/2023\/12\/IMG-20231206-WA0094-300x169.jpg 300w, https:\/\/diariodigitalmx.com\/wp-content\/uploads\/2023\/12\/IMG-20231206-WA0094-768x432.jpg 768w, https:\/\/diariodigitalmx.com\/wp-content\/uploads\/2023\/12\/IMG-20231206-WA0094-1536x864.jpg 1536w, https:\/\/diariodigitalmx.com\/wp-content\/uploads\/2023\/12\/IMG-20231206-WA0094.jpg 1600w\" sizes=\"(max-width: 1024px) 100vw, 1024px\" \/><\/figure>\n\n\n\n<p>Una vez obtenida una pel\u00edcula de PVC de dos metros aproximadamente, se corta en tiras para pasarle un alambre que se tuerce para formar ramas con hojas. Ya con esto el \u00e1rbol est\u00e1 listo para armarse y desarmarse.<\/p>\n\n\n\n<p>\u201cSe puede reciclar el material, pero tendr\u00eda que ser de forma artesanal ya que es necesario separar las hojas de PVC del metal enroscado. Sin embargo, como estos productos se desechan completos y terminan en tiraderos, su metal se oxida y contamina el suelo\u201d, sostiene Carlos Antonio Rius Alonso, de la Facultad de Qu\u00edmica de la UNAM.<\/p>\n\n\n\n<p>Para que este tipo de adorno tenga un impacto positivo en el ambiente, puntualiza el acad\u00e9mico, se debe usar al menos durante 20 a\u00f1os para que el impacto en los recursos naturales requeridos en su fabricaci\u00f3n sea similar al de cortar un \u00e1rbol natural cada a\u00f1o.<\/p>\n\n\n\n<p>A esto tambi\u00e9n se suma la huella de carbono de su traslado, dice, ya que el 80 por ciento de la producci\u00f3n se hace en China y el barco que transporta estas mercanc\u00edas recorre miles de kil\u00f3metros.<\/p>\n\n\n\n<p>\u201cEn las \u00faltimas d\u00e9cadas se ha trabajado en obtener pl\u00e1sticos biodegradables, pero sus costos todav\u00eda son altos. Para que dichos insumos sean econ\u00f3micos pasar\u00e1n diez o 15 a\u00f1os; por ahora debemos seguir el sistema de recolecci\u00f3n que tiene M\u00e9xico en cuanto a la separaci\u00f3n de basura: org\u00e1nica, inorg\u00e1nica y clasificaci\u00f3n en pl\u00e1sticos\u201d, comenta.<\/p>\n","protected":false},"excerpt":{"rendered":"<p>*Terminados los festejos son desechados Charlas de Taberna Marcos H. Valerio Uno de los momentos m\u00e1s esperados y divertidos del a\u00f1o es cuando se coloca el \u00e1rbol de Navidad, aunque poco pensamos en su impacto ambiental. Existen regiones de bosque en todo el pa\u00eds dedicadas a satisfacer la demanda nacional de estos adornos decembrinos. Ah\u00ed, [&hellip;]<\/p>\n","protected":false},"author":1,"featured_media":110792,"comment_status":"open","ping_status":"open","sticky":true,"template":"","format":"standard","meta":{"footnotes":""},"categories":[14,2],"tags":[],"_links":{"self":[{"href":"https:\/\/diariodigitalmx.com\/index.php\/wp-json\/wp\/v2\/posts\/110790"}],"collection":[{"href":"https:\/\/diariodigitalmx.com\/index.php\/wp-json\/wp\/v2\/posts"}],"about":[{"href":"https:\/\/diariodigitalmx.com\/index.php\/wp-json\/wp\/v2\/types\/post"}],"author":[{"embeddable":true,"href":"https:\/\/diariodigitalmx.com\/index.php\/wp-json\/wp\/v2\/users\/1"}],"replies":[{"embeddable":true,"href":"https:\/\/diariodigitalmx.com\/index.php\/wp-json\/wp\/v2\/comments?post=110790"}],"version-history":[{"count":5,"href":"https:\/\/diariodigitalmx.com\/index.php\/wp-json\/wp\/v2\/posts\/110790\/revisions"}],"predecessor-version":[{"id":110801,"href":"https:\/\/diariodigitalmx.com\/index.php\/wp-json\/wp\/v2\/posts\/110790\/revisions\/110801"}],"wp:featuredmedia":[{"embeddable":true,"href":"https:\/\/diariodigitalmx.com\/index.php\/wp-json\/wp\/v2\/media\/110792"}],"wp:attachment":[{"href":"https:\/\/diariodigitalmx.com\/index.php\/wp-json\/wp\/v2\/media?parent=110790"}],"wp:term":[{"taxonomy":"category","embeddable":true,"href":"https:\/\/diariodigitalmx.com\/index.php\/wp-json\/wp\/v2\/categories?post=110790"},{"taxonomy":"post_tag","embeddable":true,"href":"https:\/\/diariodigitalmx.com\/index.php\/wp-json\/wp\/v2\/tags?post=110790"}],"curies":[{"name":"wp","href":"https:\/\/api.w.org\/{rel}","templated":true}]}}