{"id":110802,"date":"2023-12-07T06:47:55","date_gmt":"2023-12-07T12:47:55","guid":{"rendered":"http:\/\/diariodigitalmx.com\/?p=110802"},"modified":"2023-12-07T06:48:42","modified_gmt":"2023-12-07T12:48:42","slug":"oportunidad-a-modo-para-el-frente-opositor","status":"publish","type":"post","link":"https:\/\/diariodigitalmx.com\/index.php\/2023\/12\/07\/oportunidad-a-modo-para-el-frente-opositor\/","title":{"rendered":"Oportunidad a modo para el frente opositor"},"content":{"rendered":"\n<p>De frente y de perfil <\/p>\n\n\n\n<p>Ram\u00f3n Zurita Sahag\u00fan <\/p>\n\n\n\n<p>Si algo debe aprovechar el frente opositor es el espacio dejado libre por MC, para posicionarse en la imagen del elector, como una verdadera alternativa.<\/p>\n\n\n\n<p>Recomponer la estrategia de campa\u00f1a presidencial y de los nueve gobiernos que habr\u00e1n de cambiar en igual n\u00famero de entidades federativas, es una tarea que requiere atenci\u00f3n prioritaria.<\/p>\n\n\n\n<p>MC no podr\u00e1 recomponerse del golpe bajo que les proporcion\u00f3 su ef\u00edmero candidato presidencial, Samuel Garc\u00eda, quien parec\u00eda avanzar en el prop\u00f3sito de convertir a MC en un partido atractivo para el electorado.<\/p>\n\n\n\n<p>Ahora a quien le toque la nominaci\u00f3n presidencial, batallar\u00e1 para situarse siquiera dentro del margen m\u00ednimo para mantener el registro nacional como partido pol\u00edtico.<\/p>\n\n\n\n<p>Falta todav\u00eda para el inicio de la campa\u00f1a presidencial (marzo), pero los equipos comienzan a ser aceitados y ponen a consideraci\u00f3n del electorado lo que ser\u00e1n sus programas de gobierno y la integraci\u00f3n de los equipos que los conforman.<\/p>\n\n\n\n<p>Con la salida de la contienda presidencial del imberbe gobernador de Nuevo Le\u00f3n, Samuel Garc\u00eda, viene una recomposici\u00f3n de los grupos pol\u00edticos.<\/p>\n\n\n\n<p>Est\u00e1n definidos los dos frentes el que conforman MORENA, PT y Verde y el opositor que integran panista, priistas y perredistas, mientras que en MC no atinan a designar al que ser\u00e1 su abanderado.<\/p>\n\n\n\n<p>Claudia Sheinbaum y X\u00f3chitl G\u00e1lvez avanzan con los nombramientos de sus equipos, donde saca amplia ventaja el de la morenista, ya que eligi\u00f3 a personajes con amplio reconocimiento en los mundos pol\u00edticos, acad\u00e9micos e intelectuales, mientras que el de X\u00f3chitl caus\u00f3 inquietud al designara personajes que no surgen de lo mejor de esos tres partidos.<\/p>\n\n\n\n<p>Revivir a pol\u00edticos como Josefina V\u00e1zquez Mota, Margarita Zavala y Jes\u00fas Ortega no pronostican la credibilidad que se requiere para una campa\u00f1a enjundiosa, vertiginosa, propositiva y de amplio recorrido.<\/p>\n\n\n\n<p>Margarita Zavala es conocida por su urticaria a los problemas y a afrontarlos de los que dan cuenta su renuncia a la candidatura presidencial del 2018 y su desinter\u00e9s por participar en la contienda interna para dirigente nacional del PAN, por el que tanto luchaba.<\/p>\n\n\n\n<p>Josefina V\u00e1zquez Mota no aporta nada bueno, ya que su imagen es la de una mujer vencida en las urnas, como son la candidatura presidencial del PAN y la del Estado de M\u00e9xico, ubicada en las dos ocasiones hasta el tercer lugar.<\/p>\n\n\n\n<p>Es cierto que el nombramiento de Enrique de la Madrid despierta cierta confianza, pero se dej\u00f3 de lado a otros como Carlos Urz\u00faa y Jos\u00e9 \u00c1ngel Gurr\u00eda, a quien se le hab\u00eda confiado la realizaci\u00f3n del plan de gobierno.<\/p>\n\n\n\n<p>Personajes cuestionados como Silvano Aureoles son vistos con desconfianza y el arribo de Jes\u00fas Ortega garantiza el espacio para Los Chuchos.<\/p>\n\n\n\n<p>Los hijos de X\u00f3chitl son cuestionados por integrarlos a la campa\u00f1a de manera directa. El cuestionamiento que s ele hace a la candidata del frente opositor es que nada bueno aporta el jalar a los hijos como parte de la estrategia.<\/p>\n\n\n\n<p>La propia X\u00f3chitl lo vivi\u00f3 cuando Andy (Andr\u00e9s L\u00f3pez Beltr\u00e1n) le fue a ofrecer una posici\u00f3n dentro del equipo de su padre, el hoy Presidente de la Rep\u00fablica.<\/p>\n\n\n\n<p>Las experiencias de los hijos de pol\u00edticos de alto rango no han sido gratas y aunque X\u00f3chitl no tiene todav\u00eda en sus manos el Poder Ejecutivo deja un ligero sabor al pasado que tanto recalcan desde MORENA ofrece el frente opositor.<\/p>\n\n\n\n<p>Historias hay muchas de la participaci\u00f3n de los hijos de presidentes en cuestiones de gobierno y en negocios privados y aunque X\u00f3chitl rechace esos ejemplos no deja de causar escozor su decisi\u00f3n de integrar a sus propios hijos.<\/p>\n\n\n\n<p>Veremos que sucede y tambi\u00e9n si la participaci\u00f3n del cineasta que realiz\u00f3 el documental sobre la vida de Claudia Sheinbaum es m\u00e1s amplia que eso.<\/p>\n\n\n\n<p>Email: ramonzurita44@hotmail.com<\/p>\n\n\n\n<p>Email: ramonzurita44@hotmail.com<\/p>\n\n\n\n<pre class=\"wp-block-code\"><code><\/code><\/pre>\n","protected":false},"excerpt":{"rendered":"<p>De frente y de perfil Ram\u00f3n Zurita Sahag\u00fan Si algo debe aprovechar el frente opositor es el espacio dejado libre por MC, para posicionarse en la imagen del elector, como una verdadera alternativa. Recomponer la estrategia de campa\u00f1a presidencial y de los nueve gobiernos que habr\u00e1n de cambiar en igual n\u00famero de entidades federativas, es [&hellip;]<\/p>\n","protected":false},"author":1,"featured_media":110804,"comment_status":"open","ping_status":"open","sticky":true,"template":"","format":"standard","meta":{"footnotes":""},"categories":[14,12],"tags":[],"_links":{"self":[{"href":"https:\/\/diariodigitalmx.com\/index.php\/wp-json\/wp\/v2\/posts\/110802"}],"collection":[{"href":"https:\/\/diariodigitalmx.com\/index.php\/wp-json\/wp\/v2\/posts"}],"about":[{"href":"https:\/\/diariodigitalmx.com\/index.php\/wp-json\/wp\/v2\/types\/post"}],"author":[{"embeddable":true,"href":"https:\/\/diariodigitalmx.com\/index.php\/wp-json\/wp\/v2\/users\/1"}],"replies":[{"embeddable":true,"href":"https:\/\/diariodigitalmx.com\/index.php\/wp-json\/wp\/v2\/comments?post=110802"}],"version-history":[{"count":1,"href":"https:\/\/diariodigitalmx.com\/index.php\/wp-json\/wp\/v2\/posts\/110802\/revisions"}],"predecessor-version":[{"id":110803,"href":"https:\/\/diariodigitalmx.com\/index.php\/wp-json\/wp\/v2\/posts\/110802\/revisions\/110803"}],"wp:featuredmedia":[{"embeddable":true,"href":"https:\/\/diariodigitalmx.com\/index.php\/wp-json\/wp\/v2\/media\/110804"}],"wp:attachment":[{"href":"https:\/\/diariodigitalmx.com\/index.php\/wp-json\/wp\/v2\/media?parent=110802"}],"wp:term":[{"taxonomy":"category","embeddable":true,"href":"https:\/\/diariodigitalmx.com\/index.php\/wp-json\/wp\/v2\/categories?post=110802"},{"taxonomy":"post_tag","embeddable":true,"href":"https:\/\/diariodigitalmx.com\/index.php\/wp-json\/wp\/v2\/tags?post=110802"}],"curies":[{"name":"wp","href":"https:\/\/api.w.org\/{rel}","templated":true}]}}