{"id":110811,"date":"2023-12-07T13:31:21","date_gmt":"2023-12-07T19:31:21","guid":{"rendered":"http:\/\/diariodigitalmx.com\/?p=110811"},"modified":"2023-12-07T13:45:04","modified_gmt":"2023-12-07T19:45:04","slug":"hector-garcia-se-registra-como-precandidato-a-la-alcaldia-de-guadalupe","status":"publish","type":"post","link":"https:\/\/diariodigitalmx.com\/index.php\/2023\/12\/07\/hector-garcia-se-registra-como-precandidato-a-la-alcaldia-de-guadalupe\/","title":{"rendered":"H\u00e9ctor Garc\u00eda se registra como precandidato a la Alcald\u00eda de Guadalupe"},"content":{"rendered":"\n<figure class=\"wp-block-image size-full\"><img loading=\"lazy\" decoding=\"async\" width=\"701\" height=\"520\" src=\"http:\/\/diariodigitalmx.com\/wp-content\/uploads\/2023\/12\/Screenshot_20231207-133418_Instagram.jpg\" alt=\"\" class=\"wp-image-110815\" srcset=\"https:\/\/diariodigitalmx.com\/wp-content\/uploads\/2023\/12\/Screenshot_20231207-133418_Instagram.jpg 701w, https:\/\/diariodigitalmx.com\/wp-content\/uploads\/2023\/12\/Screenshot_20231207-133418_Instagram-300x223.jpg 300w\" sizes=\"(max-width: 701px) 100vw, 701px\" \/><\/figure>\n\n\n\n<p>Porque tener un mejor Guadalupe es posible, H\u00e9ctor Garc\u00eda Garc\u00eda se registr\u00f3 como precandidato a la Alcald\u00eda, ante el Comit\u00e9 Estatal del Partido Movimiento Ciudadano, fijando 5 Ejes para tener una ciudad m\u00e1s segura y pr\u00f3spera, de la mano siempre del ciudadano.<\/p>\n\n\n\n<p>Garc\u00eda destac\u00f3 los Ejes a seguir en su proyecto pol\u00edtico, como son: Guadalupe Progresa, Guadalupe Inspira, Guadalupe Conecta, Guadalupe Segura y Participativa, as\u00ed como Guadalupe Amigable y Sostenible.<\/p>\n\n\n\n<p>Temas como seguridad, transparencia, calidad en la prestaci\u00f3n de servicios p\u00fablicos, atenci\u00f3n al ciudadano, medio ambiente, entre muchos otros, le han se\u00f1alado los ciudadanos a Garc\u00eda, los cuales incluir\u00e1 en su precampa\u00f1a dirigida militantes y simpatizantes de Movimiento Ciudadano.<\/p>\n\n\n\n<p>&#8220;Estamos dando el primer paso para tener un Guadalupe inclusivo, m\u00e1s seguro y fuerte, porque es posible tener una mejor ciudad y un gobierno municipal que trabaje en equipo con los ciudadanos&#8221; expres\u00f3 H\u00e9ctor Garc\u00eda, contando con la presencia del dirigente estatal de MC, Miguel S\u00e1nchez.<\/p>\n\n\n\n<figure class=\"wp-block-image size-large\"><img loading=\"lazy\" decoding=\"async\" width=\"1024\" height=\"682\" src=\"http:\/\/diariodigitalmx.com\/wp-content\/uploads\/2023\/12\/IMG-20231207-WA0077-1024x682.jpg\" alt=\"\" class=\"wp-image-110817\" srcset=\"https:\/\/diariodigitalmx.com\/wp-content\/uploads\/2023\/12\/IMG-20231207-WA0077-1024x682.jpg 1024w, https:\/\/diariodigitalmx.com\/wp-content\/uploads\/2023\/12\/IMG-20231207-WA0077-300x200.jpg 300w, https:\/\/diariodigitalmx.com\/wp-content\/uploads\/2023\/12\/IMG-20231207-WA0077-768x512.jpg 768w, https:\/\/diariodigitalmx.com\/wp-content\/uploads\/2023\/12\/IMG-20231207-WA0077.jpg 1280w\" sizes=\"(max-width: 1024px) 100vw, 1024px\" \/><\/figure>\n\n\n\n<p>El precandidato emecista estar\u00e1 acompa\u00f1ado de un gran equipo de precandidatos a Diputados Locales, como son: Perfecto Reyes, quien se registr\u00f3 para contender por el Distrito 13; Paola Linares, Distrito 14; y Alfonso Robledo por el Distrito 15.<\/p>\n","protected":false},"excerpt":{"rendered":"<p>Porque tener un mejor Guadalupe es posible, H\u00e9ctor Garc\u00eda Garc\u00eda se registr\u00f3 como precandidato a la Alcald\u00eda, ante el Comit\u00e9 Estatal del Partido Movimiento Ciudadano, fijando 5 Ejes para tener una ciudad m\u00e1s segura y pr\u00f3spera, de la mano siempre del ciudadano. Garc\u00eda destac\u00f3 los Ejes a seguir en su proyecto pol\u00edtico, como son: Guadalupe [&hellip;]<\/p>\n","protected":false},"author":1,"featured_media":110813,"comment_status":"open","ping_status":"open","sticky":true,"template":"","format":"standard","meta":{"footnotes":""},"categories":[14,6],"tags":[],"_links":{"self":[{"href":"https:\/\/diariodigitalmx.com\/index.php\/wp-json\/wp\/v2\/posts\/110811"}],"collection":[{"href":"https:\/\/diariodigitalmx.com\/index.php\/wp-json\/wp\/v2\/posts"}],"about":[{"href":"https:\/\/diariodigitalmx.com\/index.php\/wp-json\/wp\/v2\/types\/post"}],"author":[{"embeddable":true,"href":"https:\/\/diariodigitalmx.com\/index.php\/wp-json\/wp\/v2\/users\/1"}],"replies":[{"embeddable":true,"href":"https:\/\/diariodigitalmx.com\/index.php\/wp-json\/wp\/v2\/comments?post=110811"}],"version-history":[{"count":3,"href":"https:\/\/diariodigitalmx.com\/index.php\/wp-json\/wp\/v2\/posts\/110811\/revisions"}],"predecessor-version":[{"id":110818,"href":"https:\/\/diariodigitalmx.com\/index.php\/wp-json\/wp\/v2\/posts\/110811\/revisions\/110818"}],"wp:featuredmedia":[{"embeddable":true,"href":"https:\/\/diariodigitalmx.com\/index.php\/wp-json\/wp\/v2\/media\/110813"}],"wp:attachment":[{"href":"https:\/\/diariodigitalmx.com\/index.php\/wp-json\/wp\/v2\/media?parent=110811"}],"wp:term":[{"taxonomy":"category","embeddable":true,"href":"https:\/\/diariodigitalmx.com\/index.php\/wp-json\/wp\/v2\/categories?post=110811"},{"taxonomy":"post_tag","embeddable":true,"href":"https:\/\/diariodigitalmx.com\/index.php\/wp-json\/wp\/v2\/tags?post=110811"}],"curies":[{"name":"wp","href":"https:\/\/api.w.org\/{rel}","templated":true}]}}