{"id":110819,"date":"2023-12-07T17:08:34","date_gmt":"2023-12-07T23:08:34","guid":{"rendered":"http:\/\/diariodigitalmx.com\/?p=110819"},"modified":"2023-12-07T17:10:12","modified_gmt":"2023-12-07T23:10:12","slug":"amarran-y-privan-de-la-libertad-a-una-pareja-en-su-casa-piden-400-mil-pesos-a-familiares","status":"publish","type":"post","link":"https:\/\/diariodigitalmx.com\/index.php\/2023\/12\/07\/amarran-y-privan-de-la-libertad-a-una-pareja-en-su-casa-piden-400-mil-pesos-a-familiares\/","title":{"rendered":"Amarran y privan de la libertad a una pareja en su casa; piden 400 mil pesos a familiares"},"content":{"rendered":"\n<figure class=\"wp-block-gallery has-nested-images columns-default is-cropped wp-block-gallery-1 is-layout-flex wp-block-gallery-is-layout-flex\">\n<figure class=\"wp-block-image size-large\"><img loading=\"lazy\" decoding=\"async\" width=\"320\" height=\"307\" data-id=\"110822\" src=\"http:\/\/diariodigitalmx.com\/wp-content\/uploads\/2023\/12\/IMG_20231207_170725_187.webp\" alt=\"\" class=\"wp-image-110822\" srcset=\"https:\/\/diariodigitalmx.com\/wp-content\/uploads\/2023\/12\/IMG_20231207_170725_187.webp 320w, https:\/\/diariodigitalmx.com\/wp-content\/uploads\/2023\/12\/IMG_20231207_170725_187-300x288.webp 300w\" sizes=\"(max-width: 320px) 100vw, 320px\" \/><\/figure>\n\n\n\n<figure class=\"wp-block-image size-large\"><img loading=\"lazy\" decoding=\"async\" width=\"514\" height=\"330\" data-id=\"110823\" src=\"http:\/\/diariodigitalmx.com\/wp-content\/uploads\/2023\/12\/IMG_20231207_170725_374.webp\" alt=\"\" class=\"wp-image-110823\" srcset=\"https:\/\/diariodigitalmx.com\/wp-content\/uploads\/2023\/12\/IMG_20231207_170725_374.webp 514w, https:\/\/diariodigitalmx.com\/wp-content\/uploads\/2023\/12\/IMG_20231207_170725_374-300x193.webp 300w\" sizes=\"(max-width: 514px) 100vw, 514px\" \/><\/figure>\n<\/figure>\n\n\n\n<p>Despu\u00e9s de que presuntamente ingresaron a un domicilio y amarraron a una pareja para privarla de la libertad, dos hombres fueron detenidos por oficiales de la Polic\u00eda de Monterrey, al poniente de la ciudad.<br>La captura de Ricardo \u00c1ngel C., de 33 a\u00f1os de edad y Ricardo de Jes\u00fas R., de 35 a\u00f1os de edad, se registr\u00f3 a las 12:30 horas, en las calles Sevilla y Ranger, en el quito sector de la Colonia Cumbres.<br>Elementos de la Polic\u00eda de Monterrey realizaban un recorrido de prevenci\u00f3n y vigilancia, cuando personal del C4i4 les reporta sobre un hecho violento al interior de un domicilio.<br>Cuando los oficiales arribaron al sitio, visualizan a dos individuos que salen corriendo de una vivienda siendo seguidos por un hombre, quien les pide ayuda a los uniformados municipales, por lo que comienzan a perseguirlos.<br>Los dos presuntos son capturados cuando intentaban abordar un autom\u00f3vil Mercedes Benz, en color negro, con placas SKL-842-A, en el que pretend\u00edan huir.<br>Vecinos del sector reportaron a personas sospechosas en el lugar, por lo que de inmediato lleg\u00f3 el auxilio, ante la oportuna respuesta de las autoridades municipales.<br>Tras la detenci\u00f3n, el denunciante, de 44 a\u00f1os, manifest\u00f3 que los mantuvieron amarrados con unos cinchos de pl\u00e1stico, ya que fueron sorprendidos por el par de hombres, para mantenerlo privado de la libertad por cerca de una hora, junto a una mujer, de 32 a\u00f1os de edad.<br>Se inform\u00f3 adem\u00e1s, que al mantenerlos privados de la libertad, exigieron a un familiar v\u00eda telef\u00f3nica, que se hiciera un dep\u00f3sito de 400 mil pesos, para posteriormente liberarlos.<br>Luego de lograr el objetivo, los dos hombres proced\u00edan a retirarse y ante la oportuna intervenci\u00f3n de los elementos policiacos fueron detenidos, as\u00ed asegur\u00e1ndose el veh\u00edculo.<br>Tras el reconocimiento de los afectados, se procedi\u00f3 con la detenci\u00f3n y la denuncia de los participantes en este hecho delictivo.<br>Se presume que los detenidos forman parte de una banda que se dedica a realizar actos delictivos en la zona y que han comentos los actos il\u00edcitos en fechas recientes.<br>Adem\u00e1s de que se investiga si ya eran esperados cerca del lugar por otros c\u00f3mplices para llevarse pertenencias de las v\u00edctimas.<br>Los dos hombres fueron trasladados a las instalaciones de la Polic\u00eda de Monterrey, donde quedaron a disposici\u00f3n del Ministerio P\u00fablico, por los delitos que les resulten.<\/p>\n","protected":false},"excerpt":{"rendered":"<p>Despu\u00e9s de que presuntamente ingresaron a un domicilio y amarraron a una pareja para privarla de la libertad, dos hombres fueron detenidos por oficiales de la Polic\u00eda de Monterrey, al poniente de la ciudad.La captura de Ricardo \u00c1ngel C., de 33 a\u00f1os de edad y Ricardo de Jes\u00fas R., de 35 a\u00f1os de edad, se [&hellip;]<\/p>\n","protected":false},"author":1,"featured_media":110821,"comment_status":"open","ping_status":"open","sticky":true,"template":"","format":"standard","meta":{"footnotes":""},"categories":[14,7],"tags":[],"_links":{"self":[{"href":"https:\/\/diariodigitalmx.com\/index.php\/wp-json\/wp\/v2\/posts\/110819"}],"collection":[{"href":"https:\/\/diariodigitalmx.com\/index.php\/wp-json\/wp\/v2\/posts"}],"about":[{"href":"https:\/\/diariodigitalmx.com\/index.php\/wp-json\/wp\/v2\/types\/post"}],"author":[{"embeddable":true,"href":"https:\/\/diariodigitalmx.com\/index.php\/wp-json\/wp\/v2\/users\/1"}],"replies":[{"embeddable":true,"href":"https:\/\/diariodigitalmx.com\/index.php\/wp-json\/wp\/v2\/comments?post=110819"}],"version-history":[{"count":2,"href":"https:\/\/diariodigitalmx.com\/index.php\/wp-json\/wp\/v2\/posts\/110819\/revisions"}],"predecessor-version":[{"id":110824,"href":"https:\/\/diariodigitalmx.com\/index.php\/wp-json\/wp\/v2\/posts\/110819\/revisions\/110824"}],"wp:featuredmedia":[{"embeddable":true,"href":"https:\/\/diariodigitalmx.com\/index.php\/wp-json\/wp\/v2\/media\/110821"}],"wp:attachment":[{"href":"https:\/\/diariodigitalmx.com\/index.php\/wp-json\/wp\/v2\/media?parent=110819"}],"wp:term":[{"taxonomy":"category","embeddable":true,"href":"https:\/\/diariodigitalmx.com\/index.php\/wp-json\/wp\/v2\/categories?post=110819"},{"taxonomy":"post_tag","embeddable":true,"href":"https:\/\/diariodigitalmx.com\/index.php\/wp-json\/wp\/v2\/tags?post=110819"}],"curies":[{"name":"wp","href":"https:\/\/api.w.org\/{rel}","templated":true}]}}