{"id":110849,"date":"2023-12-08T22:02:44","date_gmt":"2023-12-09T04:02:44","guid":{"rendered":"http:\/\/diariodigitalmx.com\/?p=110849"},"modified":"2023-12-08T22:06:30","modified_gmt":"2023-12-09T04:06:30","slug":"busca-papa-de-debanhi-ser-diputado-por-el-partido-del-gobierno","status":"publish","type":"post","link":"https:\/\/diariodigitalmx.com\/index.php\/2023\/12\/08\/busca-papa-de-debanhi-ser-diputado-por-el-partido-del-gobierno\/","title":{"rendered":"Busca pap\u00e1 de Debanhi ser diputado por el partido del gobierno"},"content":{"rendered":"\n<p>Monterrey . &#8211; Mario Escobar padre de Debanhi Escobar Bazald\u00faa, la joven que fue encontrada muerta en abril del 2022 y cuyo crimen no se ha esclarecido, busca una diputaci\u00f3n por Movimiento Ciudadano.<\/p>\n\n\n\n<p>Escobar acudi\u00f3 al edificio de MC para tratar de preregistrarse para una diputaci\u00f3n federal por el municipio de Apodaca, al norte de la zona metropolitana regiomontana, sin embargo, ya se hab\u00eda cerrado el registr\u00f3.<\/p>\n\n\n\n<p>Solamente est\u00e1 abierto el preregistro para diputaciones locales, el cual se extiende hasta el s\u00e1bado 9 por lo que entregar\u00e1 toda la papeler\u00eda que se requiere para ello.<\/p>\n\n\n\n<p>&#8220;Estamos buscando alguna candidatura a diputaci\u00f3n federal y venimos a platicar con la gente del partido&#8221;, dijo Escobar quien estuvo acompa\u00f1ado de su esposa Dolores Bazald\u00faa.<\/p>\n\n\n\n<p>&#8220;Venimos a proponer, no sabemos si pudiera ser una diputaci\u00f3n local o alguna diputaci\u00f3n federal&#8221;.<\/p>\n\n\n\n<p>Seg\u00fan Escobar, de profesi\u00f3n maestro, tiene el apoyo de un amplio sector ciudadano que, dijo, qued\u00f3 dolido por la muerte de su hija.<\/p>\n\n\n\n<p>\u201cHemos andado en la calle y de alguna manera mucha gente nos ha dado su apoyo y nos sentimos muy agraciados con el apoyo que nos han dado, lamentablemente tuvo que pasar esta situaci\u00f3n par que la gente despertara\u201d, abund\u00f3.<\/p>\n\n\n\n<p>Lament\u00f3 que la muerte de su hija no se esclarezca todav\u00eda.<\/p>\n\n\n\n<p>La joven de 18 a\u00f1os, estudiante de Derecho en la Universidad Aut\u00f3noma de Nuevo Le\u00f3n, sali\u00f3 a una fiesta con un par de amigas la noche del 8 de abril del 2022, y llevaron hasta una quinta en el municipio conurbado de Escobedo.<\/p>\n\n\n\n<p>De ah\u00ed, ya en la madrugada del 9, sali\u00f3 y tom\u00f3 un taxi de aplicaci\u00f3n pero se baj\u00f3 del mismo calles adelante, para quedarse frente al Hotel Nueva Castilla, en el mismo municipio.<\/p>\n\n\n\n<p>El taxista de una aplicaci\u00f3n le tom\u00f3 una fotograf\u00eda para comprobar que la hab\u00eda dejado. Luego, ya no se supo m\u00e1s de ella.<\/p>\n\n\n\n<p>El 21 de abril se encontr\u00f3 el cuerpo dentro de una cisterna en desuso del hotel, mientras la Fiscal\u00eda federal atrajo el caso luego de que la Fiscal\u00eda local asegur\u00f3 que hab\u00eda muerto por golpes y contusiones al caer en la cisterna.<\/p>\n\n\n\n<p>La autoridad federal y peritos concluyeron que la joven fue asfixiada, por lo que se ha detenido a dos ex empleados del hotel que falsearon declaraciones.<\/p>\n\n\n\n<p>El caso ha sido medi\u00e1tico y Mario Escobar es parte de la difusi\u00f3n de la situaci\u00f3n de la muerte de su hija.<\/p>\n","protected":false},"excerpt":{"rendered":"<p>Monterrey . &#8211; Mario Escobar padre de Debanhi Escobar Bazald\u00faa, la joven que fue encontrada muerta en abril del 2022 y cuyo crimen no se ha esclarecido, busca una diputaci\u00f3n por Movimiento Ciudadano. Escobar acudi\u00f3 al edificio de MC para tratar de preregistrarse para una diputaci\u00f3n federal por el municipio de Apodaca, al norte de [&hellip;]<\/p>\n","protected":false},"author":1,"featured_media":110851,"comment_status":"open","ping_status":"open","sticky":true,"template":"","format":"standard","meta":{"footnotes":""},"categories":[14,6],"tags":[],"_links":{"self":[{"href":"https:\/\/diariodigitalmx.com\/index.php\/wp-json\/wp\/v2\/posts\/110849"}],"collection":[{"href":"https:\/\/diariodigitalmx.com\/index.php\/wp-json\/wp\/v2\/posts"}],"about":[{"href":"https:\/\/diariodigitalmx.com\/index.php\/wp-json\/wp\/v2\/types\/post"}],"author":[{"embeddable":true,"href":"https:\/\/diariodigitalmx.com\/index.php\/wp-json\/wp\/v2\/users\/1"}],"replies":[{"embeddable":true,"href":"https:\/\/diariodigitalmx.com\/index.php\/wp-json\/wp\/v2\/comments?post=110849"}],"version-history":[{"count":2,"href":"https:\/\/diariodigitalmx.com\/index.php\/wp-json\/wp\/v2\/posts\/110849\/revisions"}],"predecessor-version":[{"id":110852,"href":"https:\/\/diariodigitalmx.com\/index.php\/wp-json\/wp\/v2\/posts\/110849\/revisions\/110852"}],"wp:featuredmedia":[{"embeddable":true,"href":"https:\/\/diariodigitalmx.com\/index.php\/wp-json\/wp\/v2\/media\/110851"}],"wp:attachment":[{"href":"https:\/\/diariodigitalmx.com\/index.php\/wp-json\/wp\/v2\/media?parent=110849"}],"wp:term":[{"taxonomy":"category","embeddable":true,"href":"https:\/\/diariodigitalmx.com\/index.php\/wp-json\/wp\/v2\/categories?post=110849"},{"taxonomy":"post_tag","embeddable":true,"href":"https:\/\/diariodigitalmx.com\/index.php\/wp-json\/wp\/v2\/tags?post=110849"}],"curies":[{"name":"wp","href":"https:\/\/api.w.org\/{rel}","templated":true}]}}