{"id":110853,"date":"2023-12-09T12:26:09","date_gmt":"2023-12-09T18:26:09","guid":{"rendered":"http:\/\/diariodigitalmx.com\/?p=110853"},"modified":"2023-12-09T12:26:47","modified_gmt":"2023-12-09T18:26:47","slug":"busca-esposa-de-samuel-garcia-ser-alcaldesa-de-monterrey","status":"publish","type":"post","link":"https:\/\/diariodigitalmx.com\/index.php\/2023\/12\/09\/busca-esposa-de-samuel-garcia-ser-alcaldesa-de-monterrey\/","title":{"rendered":"Busca esposa de Samuel Garc\u00eda ser alcaldesa de Monterrey"},"content":{"rendered":"\n<p><br>Monterrey . &#8211; Mariana Rodr\u00edguez la esposa del gobernador Samuel Garc\u00eda quiere ser Alcaldesa de Monterrey y acudi\u00f3 a Movimiento Ciudadano para su preregistro.<\/p>\n\n\n\n<p>Presidenta del DIF estatal y titular de la Oficina Amar a Nuevo Le\u00f3n, la primera dama lleg\u00f3 acompa\u00f1ada de su esposo Samuel Garc\u00eda a la sede de Movimiento Ciudadano, junto con simpatizantes, donde se cerr\u00f3 la circulaci\u00f3n de la calle Padre Mier entre Vallarta y Am\u00e9rica, de la Colonia Obispado. Tambi\u00e9n les acompa\u00f1\u00f3 el Alcalde de Monterrey, Luis Donaldo Colosio.<\/p>\n\n\n\n<p>Con las pretensiones pol\u00edticas de la primera dama, todo indica que Colosio no buscar\u00e1 la reelecci\u00f3n en Monterrey, por lo que podr\u00eda ir por la senadur\u00eda.<\/p>\n\n\n\n<p>Tambi\u00e9n llegaron diputados y<br>funcionarios estatales como el titular de Movilidad, Hern\u00e1n Villarreal, yvel director de Fomerrey, Eugenio Montiel.<\/p>\n\n\n\n<p>&#8220;Es el comienzo, todo estar\u00e1 bien con M de Monterrey Mariana Rodr\u00edguez&#8221;, texte\u00f3 el gobernador Samuel Garc\u00eda en Facebook con una foto al lado de su esposa dentro de su veh\u00edculo.<\/p>\n\n\n\n<p>Mariana Rodr\u00edguez, ha protagonizado con declaraciones algunas asuntos como cuando acus\u00f3 que en la pasada administraci\u00f3n estatal vend\u00edan ni\u00f1os en el DIF, sin embargo no present\u00f3 pruebas ni tampoco hizo la denuncia respectiva.<\/p>\n\n\n\n<p>Asimismo, caus\u00f3 pol\u00e9mica cuando se llev\u00f3 a su casa un fin de semana, primero a un ni\u00f1o, despu\u00e9s a varios, acciones que publicaba en las redes sociales.<\/p>\n\n\n\n<p>Desde hace meses su esposo Samuel Garc\u00eda p\u00fablicamente la se\u00f1alaba como aspirante al Senado, incluso, la llama senatora.<\/p>\n","protected":false},"excerpt":{"rendered":"<p>Monterrey . &#8211; Mariana Rodr\u00edguez la esposa del gobernador Samuel Garc\u00eda quiere ser Alcaldesa de Monterrey y acudi\u00f3 a Movimiento Ciudadano para su preregistro. Presidenta del DIF estatal y titular de la Oficina Amar a Nuevo Le\u00f3n, la primera dama lleg\u00f3 acompa\u00f1ada de su esposo Samuel Garc\u00eda a la sede de Movimiento Ciudadano, junto con [&hellip;]<\/p>\n","protected":false},"author":1,"featured_media":110855,"comment_status":"open","ping_status":"open","sticky":true,"template":"","format":"standard","meta":{"footnotes":""},"categories":[14,6],"tags":[],"_links":{"self":[{"href":"https:\/\/diariodigitalmx.com\/index.php\/wp-json\/wp\/v2\/posts\/110853"}],"collection":[{"href":"https:\/\/diariodigitalmx.com\/index.php\/wp-json\/wp\/v2\/posts"}],"about":[{"href":"https:\/\/diariodigitalmx.com\/index.php\/wp-json\/wp\/v2\/types\/post"}],"author":[{"embeddable":true,"href":"https:\/\/diariodigitalmx.com\/index.php\/wp-json\/wp\/v2\/users\/1"}],"replies":[{"embeddable":true,"href":"https:\/\/diariodigitalmx.com\/index.php\/wp-json\/wp\/v2\/comments?post=110853"}],"version-history":[{"count":1,"href":"https:\/\/diariodigitalmx.com\/index.php\/wp-json\/wp\/v2\/posts\/110853\/revisions"}],"predecessor-version":[{"id":110854,"href":"https:\/\/diariodigitalmx.com\/index.php\/wp-json\/wp\/v2\/posts\/110853\/revisions\/110854"}],"wp:featuredmedia":[{"embeddable":true,"href":"https:\/\/diariodigitalmx.com\/index.php\/wp-json\/wp\/v2\/media\/110855"}],"wp:attachment":[{"href":"https:\/\/diariodigitalmx.com\/index.php\/wp-json\/wp\/v2\/media?parent=110853"}],"wp:term":[{"taxonomy":"category","embeddable":true,"href":"https:\/\/diariodigitalmx.com\/index.php\/wp-json\/wp\/v2\/categories?post=110853"},{"taxonomy":"post_tag","embeddable":true,"href":"https:\/\/diariodigitalmx.com\/index.php\/wp-json\/wp\/v2\/tags?post=110853"}],"curies":[{"name":"wp","href":"https:\/\/api.w.org\/{rel}","templated":true}]}}