{"id":110856,"date":"2023-12-09T12:31:09","date_gmt":"2023-12-09T18:31:09","guid":{"rendered":"http:\/\/diariodigitalmx.com\/?p=110856"},"modified":"2023-12-09T20:05:09","modified_gmt":"2023-12-10T02:05:09","slug":"mueren-cuatro-al-caer-elevador","status":"publish","type":"post","link":"https:\/\/diariodigitalmx.com\/index.php\/2023\/12\/09\/mueren-cuatro-al-caer-elevador\/","title":{"rendered":"Mueren cinco al caer de un elevador"},"content":{"rendered":"\n<figure class=\"wp-block-image size-full\"><img loading=\"lazy\" decoding=\"async\" width=\"504\" height=\"404\" src=\"http:\/\/diariodigitalmx.com\/wp-content\/uploads\/2023\/12\/IMG_20231209_123014_600.webp\" alt=\"\" class=\"wp-image-110859\" srcset=\"https:\/\/diariodigitalmx.com\/wp-content\/uploads\/2023\/12\/IMG_20231209_123014_600.webp 504w, https:\/\/diariodigitalmx.com\/wp-content\/uploads\/2023\/12\/IMG_20231209_123014_600-300x240.webp 300w\" sizes=\"(max-width: 504px) 100vw, 504px\" \/><\/figure>\n\n\n\n<p>Monterrey. &#8211; Al inclinarse un elevador de carga en una plaza comercial del poniente de la Ciudad, murieron cinco trabajadores.<br>El accidente se registr\u00f3 en la Plaza Sikara, en la colonia Cumbres Madeira, cuando el elevador de carga cay\u00f3 de un quinto piso, de la Plaza Sikara, un distrito urbano de departamentos y zona comercial inaugurado hace siete semanas.<br>&#8220;Los trabajadores se encontraban ascendiendo en un ascensor de cargas cuando se revienta uno de los cables que lo sosten\u00eda provocando que se ladeara el cubo de carga lo que ocasiona la ca\u00edda de los trabajadores quedando estos sobre el cubo de elevador&#8221;, inform\u00f3 Protecci\u00f3n Civil del Estado.<br>&#8220;Se movilizan elementos de Protecci\u00f3n Civil Nuevo Le\u00f3n a reporte donde indican que caen 5 trabajadores a una altura aproximada de 25 metros en una construcci\u00f3n de la plaza comercial SIKARA en Alejandro de Rodas \/ Paseo de los Leones, Col. Cumbres 1er sector, Monterrey&#8221;, a\u00f1adi\u00f3.<br>La dependencia confirm\u00f3 la muerte de cuatro y agreg\u00f3 que una ambulancia traslad\u00f3 a un lesionado en estado cr\u00edtico al Hospital 21 del IMSS. Horas despu\u00e9s muri\u00f3. <br>Rescatistas de Protecci\u00f3n Civil estatal y de Monterrey se movilizaron al lugar tras el reporte de la ca\u00edda de un elevador tipo plataforma en el que iban cinco personas. El reporte preliminar establec\u00eda que las personas habr\u00edan quedado gravemente heridas, sin embargo, m\u00e1s tarde se confirm\u00f3 que al menos cuatro personas murieron.<br>Al lugar acudieron elementos de<br>Protecci\u00f3n civil Nuevo Le\u00f3n, Cruz Roja, Protecci\u00f3n Civil Monterrey y CRUM.<\/p>\n","protected":false},"excerpt":{"rendered":"<p>Monterrey. &#8211; Al inclinarse un elevador de carga en una plaza comercial del poniente de la Ciudad, murieron cinco trabajadores.El accidente se registr\u00f3 en la Plaza Sikara, en la colonia Cumbres Madeira, cuando el elevador de carga cay\u00f3 de un quinto piso, de la Plaza Sikara, un distrito urbano de departamentos y zona comercial inaugurado [&hellip;]<\/p>\n","protected":false},"author":1,"featured_media":110858,"comment_status":"open","ping_status":"open","sticky":true,"template":"","format":"standard","meta":{"footnotes":""},"categories":[3,7],"tags":[],"_links":{"self":[{"href":"https:\/\/diariodigitalmx.com\/index.php\/wp-json\/wp\/v2\/posts\/110856"}],"collection":[{"href":"https:\/\/diariodigitalmx.com\/index.php\/wp-json\/wp\/v2\/posts"}],"about":[{"href":"https:\/\/diariodigitalmx.com\/index.php\/wp-json\/wp\/v2\/types\/post"}],"author":[{"embeddable":true,"href":"https:\/\/diariodigitalmx.com\/index.php\/wp-json\/wp\/v2\/users\/1"}],"replies":[{"embeddable":true,"href":"https:\/\/diariodigitalmx.com\/index.php\/wp-json\/wp\/v2\/comments?post=110856"}],"version-history":[{"count":3,"href":"https:\/\/diariodigitalmx.com\/index.php\/wp-json\/wp\/v2\/posts\/110856\/revisions"}],"predecessor-version":[{"id":110887,"href":"https:\/\/diariodigitalmx.com\/index.php\/wp-json\/wp\/v2\/posts\/110856\/revisions\/110887"}],"wp:featuredmedia":[{"embeddable":true,"href":"https:\/\/diariodigitalmx.com\/index.php\/wp-json\/wp\/v2\/media\/110858"}],"wp:attachment":[{"href":"https:\/\/diariodigitalmx.com\/index.php\/wp-json\/wp\/v2\/media?parent=110856"}],"wp:term":[{"taxonomy":"category","embeddable":true,"href":"https:\/\/diariodigitalmx.com\/index.php\/wp-json\/wp\/v2\/categories?post=110856"},{"taxonomy":"post_tag","embeddable":true,"href":"https:\/\/diariodigitalmx.com\/index.php\/wp-json\/wp\/v2\/tags?post=110856"}],"curies":[{"name":"wp","href":"https:\/\/api.w.org\/{rel}","templated":true}]}}